{"id":2214,"date":"2017-01-02T00:00:00","date_gmt":"2017-01-02T02:00:00","guid":{"rendered":"https:\/\/hostnetart.com.br\/baixada\/reforma-trabalhista-de-temer-rebaixa-direitos-e-tenta-atingir-os-sindicatos-diz-cut\/"},"modified":"2017-01-02T00:00:00","modified_gmt":"2017-01-02T02:00:00","slug":"reforma-trabalhista-de-temer-rebaixa-direitos-e-tenta-atingir-os-sindicatos-diz-cut","status":"publish","type":"post","link":"https:\/\/hostnetart.com.br\/baixada\/reforma-trabalhista-de-temer-rebaixa-direitos-e-tenta-atingir-os-sindicatos-diz-cut\/","title":{"rendered":"\u2018Reforma trabalhista de Temer rebaixa direitos e tenta atingir os sindicatos\u2019, diz CUT"},"content":{"rendered":"<p>Segundo o presidente da central em S\u00e3o Paulo, Douglas Izzo, proposta rebaixa direitos apenas para diminuir custos de contrata\u00e7\u00f5es e aumentar o lucro dos empres\u00e1rios<\/p>\n<p>\u00a0<\/p>\n<p>S\u00e3o Paulo \u2013 A reforma trabalhista proposta pelo governo Temer, al\u00e9m de rebaixar direitos, diminuir os custos das contrata\u00e7\u00f5es (e das demiss\u00f5es) pelas empresas e aumentar o lucro dos empres\u00e1rios no Brasil, despreza o papel dos sindicatos, segundo avalia o presidente da CUT-SP, Douglas Izzo, sobre o Projeto de Lei (PL) 6.787, em entrevista \u00e0 R\u00e1dio Brasil Atual, no dia 28 de dezembro\/16<\/p>\n<p>Douglas tamb\u00e9m afirma que o governo Temer trabalha para devolver aos empres\u00e1rios o apoio recebido pelos setores patronais durante o golpe. \u201c\u00c9 importante destacar que esse governo, que n\u00e3o chegou ao poder atrav\u00e9s do voto, est\u00e1 devolvendo o apoio da Fiesp e das elites brasileiras.\u201d<\/p>\n<p>O presidente da CUT-SP desmente Temer e diz que a reforma trabalhista n\u00e3o \u00e9 uma \u201cmoderniza\u00e7\u00e3o\u201d, mas uma forma de colocar os acordos entre patr\u00f5es e empregados acima da CLT. Ele tamb\u00e9m critica a m\u00eddia comercial que \u201clegitima\u201d as medidas do governo, mesmo que danosas \u00e0 popula\u00e7\u00e3o.<\/p>\n<p>Leia abaixo a entrevista:<\/p>\n<p>Quais s\u00e3o os preju\u00edzos da reforma trabalhista anunciada por Temer?<\/p>\n<p>\u00c9 importante destacar que esse governo, que n\u00e3o chegou ao poder atrav\u00e9s do voto, est\u00e1 devolvendo o apoio da Fiesp e das elites brasileiras. Essas mudan\u00e7as propostas representam o retrocesso para os trabalhadores brasileiros.<\/p>\n<p>Eles dizem que essa reforma \u00e9 uma moderniza\u00e7\u00e3o da rela\u00e7\u00e3o de trabalho, mas o ponto central da reforma \u00e9 colocar o negociado sobre o legislado, ou seja, eles querem abrir a possibilidade da negocia\u00e7\u00e3o entre empregador e empregado, de estarem abaixo do m\u00ednimo previsto na lei.<\/p>\n<p>Esse projeto tamb\u00e9m despreza o papel do sindicato na negocia\u00e7\u00e3o coletiva, aponta para a negocia\u00e7\u00e3o entre empresas. Ele aponta tamb\u00e9m para uma elei\u00e7\u00e3o, dentro das empresas com mais de 200 funcion\u00e1rios, de um trabalhador que represente os demais, e este trabalhador n\u00e3o precisa estar associado ao sindicato. Ent\u00e3o \u00e9 uma tentativa de tentar desmontar a estrutura sindical brasileira.<\/p>\n<p>O projeto enfraquece os sindicatos?<\/p>\n<p>Ele enfraquece o sindicato e a organiza\u00e7\u00e3o coletiva porque abre a possibilidade de as negocia\u00e7\u00f5es ocorrerem por empresa, ent\u00e3o divide mais a classe trabalhadora. O prejudicado ser\u00e1 o trabalhador.<\/p>\n<p>Essa moderniza\u00e7\u00e3o das rela\u00e7\u00f5es de trabalho nada mais \u00e9 do que rebaixar direito, diminuir os custos das empresas e aumentar o lucro dos empres\u00e1rios no Brasil.<\/p>\n<p>Voc\u00ea diz que quem colocou o Temer no poder foram os empres\u00e1rios, mas agora ele paga a fatura.<\/p>\n<p>E n\u00e3o \u00e9 s\u00f3 isso. No conjunto, o que esse governo apresenta de sa\u00edda para a economia brasileira, nada aponta para um crescimento do emprego ou da economia. O governo est\u00e1 entregando o pr\u00e9-sal e tomando medidas contradit\u00f3rias, como congelar os gastos p\u00fablicos por 20 anos, mas mant\u00e9m os juros altos.<\/p>\n<p>Apesar dos alertas, parte da popula\u00e7\u00e3o n\u00e3o se d\u00e1 conta da gravidade?<\/p>\n<p>Infelizmente, s\u00e3o medidas que s\u00f3 ter\u00e3o impactos nos pr\u00f3ximos anos, ent\u00e3o n\u00e3o h\u00e1 uma compreens\u00e3o do que pode acontecer com o pa\u00eds. Al\u00e9m disso, \u00e9 lament\u00e1vel o papel da grande imprensa nessa situa\u00e7\u00e3o, pois ela legitima essas propostas, como a PEC 55 e as reformas da CLT e da Previd\u00eancia. Ela n\u00e3o mostra a realidade do que pode acontecer.<\/p>\n<p>www.redebrasilatual.com.br<\/p>\n","protected":false},"excerpt":{"rendered":"<p>Segundo o presidente da central em S\u00e3o Paulo, Douglas Izzo, proposta rebaixa direitos apenas para diminuir custos de contrata\u00e7\u00f5es e aumentar o lucro dos empres\u00e1rios \u00a0 S\u00e3o Paulo \u2013 A reforma trabalhista proposta pelo governo Temer, al\u00e9m de rebaixar direitos, diminuir os custos das contrata\u00e7\u00f5es (e das demiss\u00f5es) pelas empresas e aumentar o lucro dos [&hellip;]<\/p>\n","protected":false},"author":1,"featured_media":2213,"comment_status":"","ping_status":"","sticky":false,"template":"","format":"standard","meta":{"footnotes":""},"categories":[3],"tags":[],"class_list":["post-2214","post","type-post","status-publish","format-standard","has-post-thumbnail","hentry","category-noticias"],"_links":{"self":[{"href":"https:\/\/hostnetart.com.br\/baixada\/wp-json\/wp\/v2\/posts\/2214","targetHints":{"allow":["GET"]}}],"collection":[{"href":"https:\/\/hostnetart.com.br\/baixada\/wp-json\/wp\/v2\/posts"}],"about":[{"href":"https:\/\/hostnetart.com.br\/baixada\/wp-json\/wp\/v2\/types\/post"}],"author":[{"embeddable":true,"href":"https:\/\/hostnetart.com.br\/baixada\/wp-json\/wp\/v2\/users\/1"}],"replies":[{"embeddable":true,"href":"https:\/\/hostnetart.com.br\/baixada\/wp-json\/wp\/v2\/comments?post=2214"}],"version-history":[{"count":0,"href":"https:\/\/hostnetart.com.br\/baixada\/wp-json\/wp\/v2\/posts\/2214\/revisions"}],"wp:featuredmedia":[{"embeddable":true,"href":"https:\/\/hostnetart.com.br\/baixada\/wp-json\/wp\/v2\/media\/2213"}],"wp:attachment":[{"href":"https:\/\/hostnetart.com.br\/baixada\/wp-json\/wp\/v2\/media?parent=2214"}],"wp:term":[{"taxonomy":"category","embeddable":true,"href":"https:\/\/hostnetart.com.br\/baixada\/wp-json\/wp\/v2\/categories?post=2214"},{"taxonomy":"post_tag","embeddable":true,"href":"https:\/\/hostnetart.com.br\/baixada\/wp-json\/wp\/v2\/tags?post=2214"}],"curies":[{"name":"wp","href":"https:\/\/api.w.org\/{rel}","templated":true}]}}