{"id":2211,"date":"2015-08-25T00:00:00","date_gmt":"2015-08-25T03:00:00","guid":{"rendered":"https:\/\/hostnetart.com.br\/baixada\/confirmado-para-27-de-agosto-o-inicio-das-negociacoes-especificas-com-a-caixa\/"},"modified":"2015-08-25T00:00:00","modified_gmt":"2015-08-25T03:00:00","slug":"confirmado-para-27-de-agosto-o-inicio-das-negociacoes-especificas-com-a-caixa","status":"publish","type":"post","link":"https:\/\/hostnetart.com.br\/baixada\/confirmado-para-27-de-agosto-o-inicio-das-negociacoes-especificas-com-a-caixa\/","title":{"rendered":"Confirmado para 27 de agosto o in\u00edcio das negocia\u00e7\u00f5es espec\u00edficas com a Caixa"},"content":{"rendered":"<p>Com debates espec\u00edficos ocorrendo concomitantemente \u00e0s discuss\u00f5es gerais da categoria com a Fenaban, a Comiss\u00e3o Executiva dos Empregados (CEE\/Caixa) e a Confedera\u00e7\u00e3o Nacional dos Trabalhadores do Ramo Financeiro (Contraf\/CUT) se re\u00fanem com os representantes da Caixa Econ\u00f4mica Federal na primeira rodada de negocia\u00e7\u00f5es espec\u00edficas da campanha salarial 2015. Ser\u00e1 na quinta-feira da pr\u00f3xima semana, dia 27 de agosto, \u00e0s 14h30, em Bras\u00edlia (DF).<\/p>\n<p>O encontro com o banco ocorre no Hotel San Marco e tratar\u00e1 das reivindica\u00e7\u00f5es dos empregados relacionadas \u00e0 sa\u00fade do trabalhador e seguran\u00e7a banc\u00e1ria. O objetivo \u00e9 melhorar as condi\u00e7\u00f5es estruturais das ag\u00eancias, com o aumento do n\u00famero de empregados por setor e o atendimento das quest\u00f5es relativas \u00e0 sa\u00fade e seguran\u00e7a.<\/p>\n<p>No dia da reuni\u00e3o com a Caixa, na parte da manh\u00e3 (9h30), a CEE\/Caixa realiza um encontro preparat\u00f3rio, na sede da Fenae, em Bras\u00edlia. <\/p>\n<p>A entrega da pauta espec\u00edfica da Caixa ocorreu no dia 11 de agosto. O documento re\u00fane itens que ser\u00e3o negociados durante a campanha nacional e, posteriormente, na mesa de negocia\u00e7\u00f5es permanentes. Todos as reivindica\u00e7\u00f5es foram aprovadas no 31\u00ba Conecef, realizado em junho, em S\u00e3o Paulo (SP). <\/p>\n<p>Os principais destaques s\u00e3o contrata\u00e7\u00e3o de mais empregados, fim do GDP, combate ao ass\u00e9dio moral, fim das metas abusivas, garantia do Sa\u00fade Caixa na aposentadoria (inclusive para os que sa\u00edram pelo PADV), fim do voto de Minerva na Funcef, imediata incorpora\u00e7\u00e3o do REB ao Novo Plano, fim da restri\u00e7\u00e3o de dota\u00e7\u00e3o or\u00e7ament\u00e1ria para horas extras e extens\u00e3o da licen\u00e7a-pr\u00eamio e do anu\u00eanio para todos os admitidos a partir de 1998.<\/p>\n<p>Os debates entre os representantes dos empregados e do banco ser\u00e3o realizados com base no seguinte calend\u00e1rio: dia 27 de agosto (sa\u00fade do trabalhador e seguran\u00e7a banc\u00e1ria), dia 4 de setembro (Sa\u00fade Caixa, Funcef e aposentados), dia 11 de setembro (carreira, isonomia e organiza\u00e7\u00e3o do movimento) e dia 18 de setembro (contrata\u00e7\u00e3o, condi\u00e7\u00e3o de funcionamento das ag\u00eancias e jornada\/Sipon). <\/p>\n<p>Fonte: Contraf-CUT\/Fenae<\/p>\n","protected":false},"excerpt":{"rendered":"<p>Com debates espec\u00edficos ocorrendo concomitantemente \u00e0s discuss\u00f5es gerais da categoria com a Fenaban, a Comiss\u00e3o Executiva dos Empregados (CEE\/Caixa) e a Confedera\u00e7\u00e3o Nacional dos Trabalhadores do Ramo Financeiro (Contraf\/CUT) se re\u00fanem com os representantes da Caixa Econ\u00f4mica Federal na primeira rodada de negocia\u00e7\u00f5es espec\u00edficas da campanha salarial 2015. Ser\u00e1 na quinta-feira da pr\u00f3xima semana, dia [&hellip;]<\/p>\n","protected":false},"author":1,"featured_media":0,"comment_status":"","ping_status":"","sticky":false,"template":"","format":"standard","meta":{"footnotes":""},"categories":[3],"tags":[],"class_list":["post-2211","post","type-post","status-publish","format-standard","hentry","category-noticias"],"_links":{"self":[{"href":"https:\/\/hostnetart.com.br\/baixada\/wp-json\/wp\/v2\/posts\/2211","targetHints":{"allow":["GET"]}}],"collection":[{"href":"https:\/\/hostnetart.com.br\/baixada\/wp-json\/wp\/v2\/posts"}],"about":[{"href":"https:\/\/hostnetart.com.br\/baixada\/wp-json\/wp\/v2\/types\/post"}],"author":[{"embeddable":true,"href":"https:\/\/hostnetart.com.br\/baixada\/wp-json\/wp\/v2\/users\/1"}],"replies":[{"embeddable":true,"href":"https:\/\/hostnetart.com.br\/baixada\/wp-json\/wp\/v2\/comments?post=2211"}],"version-history":[{"count":0,"href":"https:\/\/hostnetart.com.br\/baixada\/wp-json\/wp\/v2\/posts\/2211\/revisions"}],"wp:attachment":[{"href":"https:\/\/hostnetart.com.br\/baixada\/wp-json\/wp\/v2\/media?parent=2211"}],"wp:term":[{"taxonomy":"category","embeddable":true,"href":"https:\/\/hostnetart.com.br\/baixada\/wp-json\/wp\/v2\/categories?post=2211"},{"taxonomy":"post_tag","embeddable":true,"href":"https:\/\/hostnetart.com.br\/baixada\/wp-json\/wp\/v2\/tags?post=2211"}],"curies":[{"name":"wp","href":"https:\/\/api.w.org\/{rel}","templated":true}]}}