{"id":2208,"date":"2015-08-25T00:00:00","date_gmt":"2015-08-25T03:00:00","guid":{"rendered":"https:\/\/hostnetart.com.br\/baixada\/para-fetraf-rj-es-o-emprego-deve-estar-em-primeiro-lugar-na-campanha-2015\/"},"modified":"2015-08-25T00:00:00","modified_gmt":"2015-08-25T03:00:00","slug":"para-fetraf-rj-es-o-emprego-deve-estar-em-primeiro-lugar-na-campanha-2015","status":"publish","type":"post","link":"https:\/\/hostnetart.com.br\/baixada\/para-fetraf-rj-es-o-emprego-deve-estar-em-primeiro-lugar-na-campanha-2015\/","title":{"rendered":"Para Fetraf-RJ\/ES, o emprego deve estar em primeiro lugar na Campanha 2015"},"content":{"rendered":"<p>O emprego deve ser a principal reivindica\u00e7\u00e3o da categoria na Campanha Nacional 2015, na opini\u00e3o de Nilton Dami\u00e3o Esperan\u00e7a, o Niltinho, da Fetraf Rio de Janeiro\/Esp\u00edrito Santo. \u201cSabemos como est\u00e1 o cen\u00e1rio, mas acreditamos que \u00e9 uma crise mais pol\u00edtica do que econ\u00f4mica, pois estamos acompanhando o setor financeiro e l\u00e1 a crise praticamente n\u00e3o existe\u201d, disse.<\/p>\n<p>Por\u00e9m, Niltinho sabe que o cen\u00e1rio atual atrapalha a mobiliza\u00e7\u00e3o dos trabalhadores. \u201cA maioria dos banc\u00e1rios enxerga o cen\u00e1rio como perigoso, principalmente, em rela\u00e7\u00e3o ao emprego, que \u00e9 a maior preocupa\u00e7\u00e3o do trabalhador. Ent\u00e3o, a gente v\u00ea a mobiliza\u00e7\u00e3o complicada, n\u00e3o s\u00f3 na base, mas tamb\u00e9m para o debate com a popula\u00e7\u00e3o, que geralmente nos acompanha.\u201d<\/p>\n<p>Ele avalia que, pelos resultados dos bancos nos \u00faltimos anos e at\u00e9 no primeiro semestre de 2015, a pedida de 16% de reajuste salarial n\u00e3o \u00e9 nada absurda. \u201cA expectativa \u00e9 muito grande de que a gente consiga uma campanha vitoriosa, como nos outros anos que a gente conseguiu aumento real, apesar do cen\u00e1rio politicamente n\u00e3o ser favor\u00e1vel\u201d, afirmou. <\/p>\n<p>At\u00e9 por isso, segundo o presidente da Fetraf-Rio de Janeiro e Esp\u00edrito Santo, a popula\u00e7\u00e3o tamb\u00e9m ser\u00e1 importante neste ano. \u201cN\u00f3s j\u00e1 fizemos o lan\u00e7amento da campanha, mostrando para os banc\u00e1rios a realidade dos bancos. Mostramos para a popula\u00e7\u00e3o tamb\u00e9m que a nossa preocupa\u00e7\u00e3o n\u00e3o \u00e9 s\u00f3 econ\u00f4mica da categoria, mas tamb\u00e9m uma preocupa\u00e7\u00e3o com a popula\u00e7\u00e3o geral. N\u00f3s temos uma preocupa\u00e7\u00e3o com o atendimento, com os juros altos e as tarifas que s\u00e3o pagas\u201d, lembrou. Ele ainda completou. \u201cPrecisamos trazer a popula\u00e7\u00e3o para o nosso lado, explicando como \u00e9 o lucro dos banqueiros, que n\u00e3o foi influenciado em nada nessa crise pol\u00edtica que o Brasil est\u00e1 atravessando.\u201d <\/p>\n<p>Fonte: Fetraf-RJ\/ES<\/p>\n","protected":false},"excerpt":{"rendered":"<p>O emprego deve ser a principal reivindica\u00e7\u00e3o da categoria na Campanha Nacional 2015, na opini\u00e3o de Nilton Dami\u00e3o Esperan\u00e7a, o Niltinho, da Fetraf Rio de Janeiro\/Esp\u00edrito Santo. \u201cSabemos como est\u00e1 o cen\u00e1rio, mas acreditamos que \u00e9 uma crise mais pol\u00edtica do que econ\u00f4mica, pois estamos acompanhando o setor financeiro e l\u00e1 a crise praticamente n\u00e3o [&hellip;]<\/p>\n","protected":false},"author":1,"featured_media":0,"comment_status":"","ping_status":"","sticky":false,"template":"","format":"standard","meta":{"footnotes":""},"categories":[3],"tags":[],"class_list":["post-2208","post","type-post","status-publish","format-standard","hentry","category-noticias"],"_links":{"self":[{"href":"https:\/\/hostnetart.com.br\/baixada\/wp-json\/wp\/v2\/posts\/2208","targetHints":{"allow":["GET"]}}],"collection":[{"href":"https:\/\/hostnetart.com.br\/baixada\/wp-json\/wp\/v2\/posts"}],"about":[{"href":"https:\/\/hostnetart.com.br\/baixada\/wp-json\/wp\/v2\/types\/post"}],"author":[{"embeddable":true,"href":"https:\/\/hostnetart.com.br\/baixada\/wp-json\/wp\/v2\/users\/1"}],"replies":[{"embeddable":true,"href":"https:\/\/hostnetart.com.br\/baixada\/wp-json\/wp\/v2\/comments?post=2208"}],"version-history":[{"count":0,"href":"https:\/\/hostnetart.com.br\/baixada\/wp-json\/wp\/v2\/posts\/2208\/revisions"}],"wp:attachment":[{"href":"https:\/\/hostnetart.com.br\/baixada\/wp-json\/wp\/v2\/media?parent=2208"}],"wp:term":[{"taxonomy":"category","embeddable":true,"href":"https:\/\/hostnetart.com.br\/baixada\/wp-json\/wp\/v2\/categories?post=2208"},{"taxonomy":"post_tag","embeddable":true,"href":"https:\/\/hostnetart.com.br\/baixada\/wp-json\/wp\/v2\/tags?post=2208"}],"curies":[{"name":"wp","href":"https:\/\/api.w.org\/{rel}","templated":true}]}}