{"id":2199,"date":"2015-08-18T00:00:00","date_gmt":"2015-08-18T03:00:00","guid":{"rendered":"https:\/\/hostnetart.com.br\/baixada\/dias-21-e-27-de-agosto-tem-feijoada-dos-bancarios\/"},"modified":"2015-08-18T00:00:00","modified_gmt":"2015-08-18T03:00:00","slug":"dias-21-e-27-de-agosto-tem-feijoada-dos-bancarios","status":"publish","type":"post","link":"https:\/\/hostnetart.com.br\/baixada\/dias-21-e-27-de-agosto-tem-feijoada-dos-bancarios\/","title":{"rendered":"Dias 21 e 27 de agosto tem feijoada dos Banc\u00e1rios!"},"content":{"rendered":"<p style=\"color: #222222;\"><strong>N\u00c3O PERCAM!<\/strong><\/p>\n<p style=\"color: #222222;\"><strong>NOSSAS FEIJOADAS EST\u00c3O A\u00cd!!\u00a0<\/strong><\/p>\n<p style=\"color: #222222;\"><strong>DIA 21, SEXTA-FEIRA, NA SUB-SEDE EM NOVA IGUA\u00c7U.<\/strong><\/p>\n<p style=\"color: #222222;\"><strong>DIA 27, QUINTA-FEIRA, NA SEDE EM DUQUE DE CAXIAS.<\/strong><\/p>\n","protected":false},"excerpt":{"rendered":"<p>N\u00c3O PERCAM! NOSSAS FEIJOADAS EST\u00c3O A\u00cd!!\u00a0 DIA 21, SEXTA-FEIRA, NA SUB-SEDE EM NOVA IGUA\u00c7U. DIA 27, QUINTA-FEIRA, NA SEDE EM DUQUE DE CAXIAS.<\/p>\n","protected":false},"author":1,"featured_media":2198,"comment_status":"","ping_status":"","sticky":false,"template":"","format":"standard","meta":{"footnotes":""},"categories":[3],"tags":[],"class_list":["post-2199","post","type-post","status-publish","format-standard","has-post-thumbnail","hentry","category-noticias"],"_links":{"self":[{"href":"https:\/\/hostnetart.com.br\/baixada\/wp-json\/wp\/v2\/posts\/2199","targetHints":{"allow":["GET"]}}],"collection":[{"href":"https:\/\/hostnetart.com.br\/baixada\/wp-json\/wp\/v2\/posts"}],"about":[{"href":"https:\/\/hostnetart.com.br\/baixada\/wp-json\/wp\/v2\/types\/post"}],"author":[{"embeddable":true,"href":"https:\/\/hostnetart.com.br\/baixada\/wp-json\/wp\/v2\/users\/1"}],"replies":[{"embeddable":true,"href":"https:\/\/hostnetart.com.br\/baixada\/wp-json\/wp\/v2\/comments?post=2199"}],"version-history":[{"count":0,"href":"https:\/\/hostnetart.com.br\/baixada\/wp-json\/wp\/v2\/posts\/2199\/revisions"}],"wp:featuredmedia":[{"embeddable":true,"href":"https:\/\/hostnetart.com.br\/baixada\/wp-json\/wp\/v2\/media\/2198"}],"wp:attachment":[{"href":"https:\/\/hostnetart.com.br\/baixada\/wp-json\/wp\/v2\/media?parent=2199"}],"wp:term":[{"taxonomy":"category","embeddable":true,"href":"https:\/\/hostnetart.com.br\/baixada\/wp-json\/wp\/v2\/categories?post=2199"},{"taxonomy":"post_tag","embeddable":true,"href":"https:\/\/hostnetart.com.br\/baixada\/wp-json\/wp\/v2\/tags?post=2199"}],"curies":[{"name":"wp","href":"https:\/\/api.w.org\/{rel}","templated":true}]}}