{"id":2182,"date":"2016-12-05T00:00:00","date_gmt":"2016-12-05T02:00:00","guid":{"rendered":"https:\/\/hostnetart.com.br\/baixada\/enfraquecimento-de-bancos-publicos-atinge-trabalhador-em-cheio\/"},"modified":"2016-12-05T00:00:00","modified_gmt":"2016-12-05T02:00:00","slug":"enfraquecimento-de-bancos-publicos-atinge-trabalhador-em-cheio","status":"publish","type":"post","link":"https:\/\/hostnetart.com.br\/baixada\/enfraquecimento-de-bancos-publicos-atinge-trabalhador-em-cheio\/","title":{"rendered":"Enfraquecimento de bancos p\u00fablicos atinge trabalhador em cheio"},"content":{"rendered":"<p>Economista diz que bancos p\u00fablicos fortes moderam apetite por lucro dos privados. Categoria banc\u00e1ria protesta contra fechamento de ag\u00eancias e demiss\u00f5es<\/p>\n<p>A economista Maria Cristina Penido Freitas alerta que quem mais perde com o enfraquecimento dos bancos p\u00fablicos \u00e9 o trabalhador. Segundo ela, a atua\u00e7\u00e3o de bancos p\u00fablicos fortes permite moderar o apetite por lucro dos bancos privados. \u201cN\u00f3s vamos pagar mais tarifas, por exemplo.\u201d Ela lembrou ainda que as ag\u00eancias amea\u00e7adas de fechamento est\u00e3o localizadas em bairros mais pobres.<\/p>\n<p>Depois de o governo federal anunciar processo de reestrutura\u00e7\u00e3o do Banco do Brasil, que vai reduzir o n\u00famero de ag\u00eancias e de postos de trabalho em todo o pa\u00eds, os banc\u00e1rios temem agora pelo futuro da Caixa Econ\u00f4mica Federal.<\/p>\n<p>Na \u00faltima semana, os trabalhadores do Rio de Janeiro realizaram um abra\u00e7o simb\u00f3lico \u00e0 sede da Caixa. Eles tamb\u00e9m realizaram o primeiro Ciclo de Palestras em Defesa da Caixa Econ\u00f4mica Federal, que reuniu economistas, sindicalistas e banc\u00e1rios para discutir os rumos da institui\u00e7\u00e3o.<\/p>\n<p>\u201cNo caminho que est\u00e1 sendo trilhado por este governo, fica claro qual \u00e9 o objeto, que \u00e9 esvaziar os servi\u00e7os da Caixa Econ\u00f4mica, reduzir os postos de trabalho e privatizar. A pergunta que fazemos \u00e9: vai privatizar os servi\u00e7os da Caixa Econ\u00f4mica? E a resposta \u00e9 n\u00e3o. N\u00e3o acredito que nenhum banco privado tenha interesse em dar o atendimento que \u00e9 dado hoje\u201d, afirmou a presidenta do Sindicato dos Banc\u00e1rios do Rio de Janeiro, Adriana Nalesso, \u00e0 rep\u00f3rter Viviane Nascimento, para o Seu Jornal, da TVT.<\/p>\n<p>Para a ex-presidenta da Caixa Maria Fernanda Ramos Coelho, todos os bancos p\u00fablicos \u2013 Caixa, Banco do Brasil e BNDES \u2013 est\u00e3o amea\u00e7ados. \u201c\u00c9 do conte\u00fado do golpe. \u00c9 do conte\u00fado desse estado de exce\u00e7\u00e3o que a gente j\u00e1 t\u00e1 vivendo. (O objetivo) \u00c9 desmontar toda a rede de prote\u00e7\u00e3o social. As primeiras decis\u00f5es que esse governo golpista toma, quais s\u00e3o? Demiss\u00e3o de funcion\u00e1rios e fechamento de ag\u00eancia\u201d, denunciou.<\/p>\n<p>Fonte: Rede Brasil Atual \/ TVT<\/p>\n","protected":false},"excerpt":{"rendered":"<p>Economista diz que bancos p\u00fablicos fortes moderam apetite por lucro dos privados. Categoria banc\u00e1ria protesta contra fechamento de ag\u00eancias e demiss\u00f5es A economista Maria Cristina Penido Freitas alerta que quem mais perde com o enfraquecimento dos bancos p\u00fablicos \u00e9 o trabalhador. Segundo ela, a atua\u00e7\u00e3o de bancos p\u00fablicos fortes permite moderar o apetite por lucro [&hellip;]<\/p>\n","protected":false},"author":1,"featured_media":0,"comment_status":"","ping_status":"","sticky":false,"template":"","format":"standard","meta":{"footnotes":""},"categories":[3],"tags":[],"class_list":["post-2182","post","type-post","status-publish","format-standard","hentry","category-noticias"],"_links":{"self":[{"href":"https:\/\/hostnetart.com.br\/baixada\/wp-json\/wp\/v2\/posts\/2182","targetHints":{"allow":["GET"]}}],"collection":[{"href":"https:\/\/hostnetart.com.br\/baixada\/wp-json\/wp\/v2\/posts"}],"about":[{"href":"https:\/\/hostnetart.com.br\/baixada\/wp-json\/wp\/v2\/types\/post"}],"author":[{"embeddable":true,"href":"https:\/\/hostnetart.com.br\/baixada\/wp-json\/wp\/v2\/users\/1"}],"replies":[{"embeddable":true,"href":"https:\/\/hostnetart.com.br\/baixada\/wp-json\/wp\/v2\/comments?post=2182"}],"version-history":[{"count":0,"href":"https:\/\/hostnetart.com.br\/baixada\/wp-json\/wp\/v2\/posts\/2182\/revisions"}],"wp:attachment":[{"href":"https:\/\/hostnetart.com.br\/baixada\/wp-json\/wp\/v2\/media?parent=2182"}],"wp:term":[{"taxonomy":"category","embeddable":true,"href":"https:\/\/hostnetart.com.br\/baixada\/wp-json\/wp\/v2\/categories?post=2182"},{"taxonomy":"post_tag","embeddable":true,"href":"https:\/\/hostnetart.com.br\/baixada\/wp-json\/wp\/v2\/tags?post=2182"}],"curies":[{"name":"wp","href":"https:\/\/api.w.org\/{rel}","templated":true}]}}