{"id":2169,"date":"2015-08-14T00:00:00","date_gmt":"2015-08-14T03:00:00","guid":{"rendered":"https:\/\/hostnetart.com.br\/baixada\/comando-da-campanha-entrega-reivindicacoes-e-marca-negociacao-para-o-dia-19\/"},"modified":"2015-08-14T00:00:00","modified_gmt":"2015-08-14T03:00:00","slug":"comando-da-campanha-entrega-reivindicacoes-e-marca-negociacao-para-o-dia-19","status":"publish","type":"post","link":"https:\/\/hostnetart.com.br\/baixada\/comando-da-campanha-entrega-reivindicacoes-e-marca-negociacao-para-o-dia-19\/","title":{"rendered":"Comando da campanha entrega reivindica\u00e7\u00f5es e marca negocia\u00e7\u00e3o para o dia 19"},"content":{"rendered":"<p>O Comando Nacional dos Banc\u00e1rios, coordenado pela Contraf-CUT, entregou nesta ter\u00e7a-feira (11), na sede da Federa\u00e7\u00e3o dos Bancos (Fenaban), em S\u00e3o Paulo, a minuta de reivindica\u00e7\u00f5es da categoria da campanha 2015. A primeira reuni\u00e3o de negocia\u00e7\u00e3o foi marcada para o pr\u00f3ximo dia 19, sobre o tema emprego. <\/p>\n<p>A pauta tem como pontos centrais o reajuste de 16%, valoriza\u00e7\u00e3o do piso salarial no valor do sal\u00e1rio m\u00ednimo calculado pelo Dieese (R$ 3299,66 em junho), PLR de tr\u00eas sal\u00e1rios mais R$ 7.246,82, defesa do emprego, combate \u00e0s metas abusivas e ao ass\u00e9dio moral, melhores condi\u00e7\u00f5es de trabalho, fim da terceiriza\u00e7\u00e3o e vales-alimenta\u00e7\u00e3o e refei\u00e7\u00e3o maiores. Tamb\u00e9m foram entregues as pautas espec\u00edficas dos banc\u00e1rios do Banco do Brasil e da Caixa Econ\u00f4mica Federal. <\/p>\n<p>As reivindica\u00e7\u00f5es gerais foram definidas em vota\u00e7\u00e3o por 667 delegados, durante a 17\u00aa Confer\u00eancia Nacional dos Banc\u00e1rios, realizada entre 31 de julho e 2 de agosto, em S\u00e3o Paulo. As pautas especificas da Caixa foram definidas durante o Congresso Nacional dos Empregados da Caixa Federal (Conecef), entre 12 e 14 de junho, e a do Banco do Brasil no 26\u00ba. Congresso Nacional dos Funcion\u00e1rios do BB, na mesma data.<\/p>\n<p>Ap\u00f3s a reuni\u00e3o com o presidente da Fenaban, Murilo Portugal, o presidente da Confedera\u00e7\u00e3o dos Trabalhadores do Ramo Financeiro (Contraf-CUT), Roberto Von der Osten, disse que a preocupa\u00e7\u00e3o central da categoria \u00e9 com o emprego. \u201cNesta campanha, o discurso da Fenaban \u00e9 de atribuir o impacto da redu\u00e7\u00e3o dos postos de trabalho \u00e0 sa\u00edda dos trabalhadores sem substitui\u00e7\u00e3o. S\u00e3o pessoas que saem e n\u00e3o precisariam ser substitu\u00eddas nesses postos, segundo eles. Mas \u00e9 uma redu\u00e7\u00e3o. O crescimento do sistema financeiro \u00e9 muito grande. Nos interessa nesse processo debater o desemprego e a precariza\u00e7\u00e3o\u201d, afirmou. <\/p>\n<p>A vice-presidenta da Contraf e presidenta do Sindicato dos Banc\u00e1rios de S\u00e3o Paulo, Juvandia Moreira, tamb\u00e9m refor\u00e7ou a import\u00e2ncia de lutar pelo emprego. \u201cN\u00e3o vamos abrir m\u00e3o de aumento real, valoriza\u00e7\u00e3o do piso, da PLR, dos vales e melhoria nas condi\u00e7\u00f5es de trabalho. Mas nossa prioridade este ano s\u00e3o os empregos. Os bancos precisam parar de demitir e voltar a contratar. Com lucros crescendo tanto, mesmo em tempos de crise internacional, devem isso n\u00e3o s\u00f3 aos banc\u00e1rios mas a toda a sociedade\u201d, disse Juvandia. <\/p>\n<p><strong>Principais reivindica\u00e7\u00f5es aprovadas na 17\u00aa. Confer\u00eancia<\/strong><\/p>\n<p>Reajuste salarial de 16%. (incluindo reposi\u00e7\u00e3o da infla\u00e7\u00e3o mais 5,7% de aumento real)<\/p>\n<p>PLR: 3 sal\u00e1rios mais R$7.246,82 <\/p>\n<p>Piso: R$3.299,66 (equivalente ao sal\u00e1rio m\u00ednimo do Dieese em valores de junho \u00faltimo).<\/p>\n<p>Vales alimenta\u00e7\u00e3o, refei\u00e7\u00e3o, 13\u00aa cesta e aux\u00edlio-creche\/bab\u00e1: R$788,00 ao m\u00eas para cada (sal\u00e1rio m\u00ednimo nacional).<\/p>\n<p>Melhores condi\u00e7\u00f5es de trabalho com o fim das metas abusivas e do ass\u00e9dio moral que adoecem os banc\u00e1rios.<\/p>\n<p>Emprego: fim das demiss\u00f5es, mais contrata\u00e7\u00f5es, fim da rotatividade e combate \u00e0s terceiriza\u00e7\u00f5es diante dos riscos de aprova\u00e7\u00e3o do PLC 30\/15 no Senado Federal, al\u00e9m da ratifica\u00e7\u00e3o da Conven\u00e7\u00e3o 158 da OIT, que co\u00edbe dispensas imotivadas.<br \/>Plano de Cargos, Carreiras e Sal\u00e1rios (PCCS): para todos os banc\u00e1rios.<\/p>\n<p>Aux\u00edlio-educa\u00e7\u00e3o: pagamento para gradua\u00e7\u00e3o e p\u00f3s.<br \/>Preven\u00e7\u00e3o contra assaltos e sequestros: perman\u00eancia de dois vigilantes por andar nas ag\u00eancias e pontos de servi\u00e7os banc\u00e1rios, conforme legisla\u00e7\u00e3o. Instala\u00e7\u00e3o de portas girat\u00f3rias com detector de metais na entrada das \u00e1reas de autoatendimento e biombos nos caixas. Abertura e fechamento remoto das ag\u00eancias, fim da guarda das chaves por funcion\u00e1rios. <\/p>\n<p>Igualdade de oportunidades: fim \u00e0s discrimina\u00e7\u00f5es nos sal\u00e1rios e na ascens\u00e3o profissional de mulheres, negros, gays, l\u00e9sbicas, transsexuais e pessoas com defici\u00eancia (PCDs). <\/p>\n<p>Fonte: Contraf-CUT<\/p>\n","protected":false},"excerpt":{"rendered":"<p>O Comando Nacional dos Banc\u00e1rios, coordenado pela Contraf-CUT, entregou nesta ter\u00e7a-feira (11), na sede da Federa\u00e7\u00e3o dos Bancos (Fenaban), em S\u00e3o Paulo, a minuta de reivindica\u00e7\u00f5es da categoria da campanha 2015. A primeira reuni\u00e3o de negocia\u00e7\u00e3o foi marcada para o pr\u00f3ximo dia 19, sobre o tema emprego. A pauta tem como pontos centrais o reajuste [&hellip;]<\/p>\n","protected":false},"author":1,"featured_media":2168,"comment_status":"","ping_status":"","sticky":false,"template":"","format":"standard","meta":{"footnotes":""},"categories":[3],"tags":[],"class_list":["post-2169","post","type-post","status-publish","format-standard","has-post-thumbnail","hentry","category-noticias"],"_links":{"self":[{"href":"https:\/\/hostnetart.com.br\/baixada\/wp-json\/wp\/v2\/posts\/2169","targetHints":{"allow":["GET"]}}],"collection":[{"href":"https:\/\/hostnetart.com.br\/baixada\/wp-json\/wp\/v2\/posts"}],"about":[{"href":"https:\/\/hostnetart.com.br\/baixada\/wp-json\/wp\/v2\/types\/post"}],"author":[{"embeddable":true,"href":"https:\/\/hostnetart.com.br\/baixada\/wp-json\/wp\/v2\/users\/1"}],"replies":[{"embeddable":true,"href":"https:\/\/hostnetart.com.br\/baixada\/wp-json\/wp\/v2\/comments?post=2169"}],"version-history":[{"count":0,"href":"https:\/\/hostnetart.com.br\/baixada\/wp-json\/wp\/v2\/posts\/2169\/revisions"}],"wp:featuredmedia":[{"embeddable":true,"href":"https:\/\/hostnetart.com.br\/baixada\/wp-json\/wp\/v2\/media\/2168"}],"wp:attachment":[{"href":"https:\/\/hostnetart.com.br\/baixada\/wp-json\/wp\/v2\/media?parent=2169"}],"wp:term":[{"taxonomy":"category","embeddable":true,"href":"https:\/\/hostnetart.com.br\/baixada\/wp-json\/wp\/v2\/categories?post=2169"},{"taxonomy":"post_tag","embeddable":true,"href":"https:\/\/hostnetart.com.br\/baixada\/wp-json\/wp\/v2\/tags?post=2169"}],"curies":[{"name":"wp","href":"https:\/\/api.w.org\/{rel}","templated":true}]}}