{"id":2167,"date":"2016-12-05T00:00:00","date_gmt":"2016-12-05T02:00:00","guid":{"rendered":"https:\/\/hostnetart.com.br\/baixada\/sem-respostas-concretas-do-bb-a-contraf-cut-orienta-dia-nacional-de-luta-para-dia-7\/"},"modified":"2016-12-05T00:00:00","modified_gmt":"2016-12-05T02:00:00","slug":"sem-respostas-concretas-do-bb-a-contraf-cut-orienta-dia-nacional-de-luta-para-dia-7","status":"publish","type":"post","link":"https:\/\/hostnetart.com.br\/baixada\/sem-respostas-concretas-do-bb-a-contraf-cut-orienta-dia-nacional-de-luta-para-dia-7\/","title":{"rendered":"Sem respostas concretas do BB, a Contraf-CUT orienta Dia Nacional de Luta para dia 7"},"content":{"rendered":"<p>Reuni\u00e3o sobre processo de reestrutura\u00e7\u00e3o e fechamento de ag\u00eancias aconteceu nesta quinta-feira (1\u00ba), em Bras\u00edlia.<\/p>\n<p>A Contraf-CUT, atrav\u00e9s da Comiss\u00e3o de Empresa dos Funcion\u00e1rios do BB se reuniu com o Banco do Brasil, em Bras\u00edlia, nesta quinta-feira (1\u00ba), em mais uma mesa de negocia\u00e7\u00e3o sobre o processo de reestrutura\u00e7\u00e3o que envolve fechamento de ag\u00eancias, cortes de cargos e fun\u00e7\u00f5es, redu\u00e7\u00e3o no quadro de funcion\u00e1rios e na jornada, e, ainda, um plano de aposentadoria com p\u00fablico alvo de 18 mil funcion\u00e1rios.<\/p>\n<p>Os representantes dos funcion\u00e1rios reafirmaram ao banco que s\u00e3o contr\u00e1rios a esse processo de reestrutura\u00e7\u00e3o por envolver cortes de mais de 9 mil postos de trabalho e vai provocar redu\u00e7\u00e3o salarial de milhares de funcion\u00e1rios, caso estes n\u00e3o forem realocados. Ainda, o fechamento de mais de 400 ag\u00eancias e a transforma\u00e7\u00e3o de 379 em posto de atendimento.<\/p>\n<p>Os representantes dos trabalhadores tamb\u00e9m cobraram do banco respostas quanto a extens\u00e3o do VCP \u2013 Verba de Car\u00e1ter Pessoal \u2013 que tem como objetivo garantir a remunera\u00e7\u00e3o daqueles que perder\u00e3o seus cargos ou tiveram suas ag\u00eancias extintas. Foi proposto ao banco que seja criado um VCP permanente, nos moldes da verba 226 do plano de fun\u00e7\u00f5es.<\/p>\n<p>Para Wagner Nascimento, coordenador da Comiss\u00e3o de Empresa, o VCP permanente vai de encontro com todas as falas do banco quanto a realoca\u00e7\u00e3o das pessoas. \u201cSe o banco tem tanta certeza que vai realocar todo mundo, que garanta que ningu\u00e9m vai perder remunera\u00e7\u00e3o enquanto n\u00e3o for realocado\u201d, explicou Wagner.<\/p>\n<p>O banco n\u00e3o deu resposta quanto a extens\u00e3o do VCP, alegando que o assunto ainda est\u00e1 sob an\u00e1lise, assim como o VCP para os Caixas efetivos e substitutos.<\/p>\n<p>Para realoca\u00e7\u00e3o dos funcion\u00e1rios, foi proposto ao banco que no TAO Especial criado com esta finalidade, seja adotado o crit\u00e9rio de prioriza\u00e7\u00e3o e maior pontua\u00e7\u00e3o para a escolha dos funcion\u00e1rios na lateralidade. \u201cConsiderando que os funcion\u00e1rios j\u00e1 passaram por um processo de sele\u00e7\u00e3o anterior e as nomea\u00e7\u00f5es acontecer\u00e3o na lateralidade, uma forma de garantir um crit\u00e9rio justo \u00e9 pela melhor pontua\u00e7\u00e3o, tanto para escolha de quem fica nos casos de redu\u00e7\u00e3o de cargos na pr\u00f3pria depend\u00eancia, quanto nas recoloca\u00e7\u00f5es\u201d, analisou Wagner.<\/p>\n<p>Tamb\u00e9m foi proposta que mesmo depois de entrar em VCP, os funcion\u00e1rios tenham a pontua\u00e7\u00e3o do cargo anterior preservada para as concorr\u00eancias na lateralidade para cargos semelhantes.<\/p>\n<p>O Banco do Brasil n\u00e3o forneceu a lista dos cargos e dota\u00e7\u00f5es cortadas em cada prefixo, alegando que o quadro n\u00e3o est\u00e1 fechado. O banco tamb\u00e9m n\u00e3o responde claramente o que vai acontecer com aqueles que n\u00e3o conseguirem realoca\u00e7\u00e3o.<\/p>\n<p>Ao mesmo tempo que n\u00e3o informa a planilha com os cargos cortados, o banco responde que a dota\u00e7\u00e3o dos postos de atendimento est\u00e1 no sistema.<\/p>\n<p>Esta informa\u00e7\u00e3o foi bastante criticada pelos sindicatos, remetendo ao vazamento de informa\u00e7\u00f5es \u00e0 imprensa antes de informar aos representantes dos trabalhadores.<\/p>\n<p>Carlos de Souza, secret\u00e1rio-geral da Contraf-CUT, afirma que \u00e9 uma falta de respeito do Banco do Brasil n\u00e3o apresentar os esclarecimentos e os n\u00fameros exigidos pelos representantes dos trabalhadores. \u201cA incerteza criada pelo banco, n\u00e3o dando maiores esclarecimentos, s\u00f3 leva a um desespero maior. Os funcion\u00e1rios est\u00e3o num processo de destrui\u00e7\u00e3o psicol\u00f3gica, ampliando os casos de doen\u00e7as. \u00c9 uma tristeza coletiva, o trabalhador olha para lado e v\u00ea um amigo que perdeu parte do sal\u00e1rio, local de trabalho, e pensa quando ser\u00e1 a vez dele. Trabalhar neste cen\u00e1rio \u00e9 muito ruim\u201d, ressalta .<\/p>\n<p>Os sindicatos consideram que quanto mais informa\u00e7\u00e3o o banco fornecer vai facilitar o trabalho de realoca\u00e7\u00e3o dos funcion\u00e1rios, evitando as situa\u00e7\u00f5es de desespero que tem acontecido em v\u00e1rias regi\u00f5es do pa\u00eds.<\/p>\n<p>Banco descumpre palavra no caso da fus\u00e3o de ag\u00eancias<\/p>\n<p>A Comiss\u00e3o de Empresa cobrou do banco o cumprimento do que foi apresentado no in\u00edcio de 2016 quanto ao fechamento de ag\u00eancias no estado de S\u00e3o Paulo e Santa Catarina, devido a fus\u00e3o de uma ag\u00eancia com outra. Naquela oportunidade o banco informou um cronograma e a forma como seriam tratados os funcion\u00e1rios, que seriam realocados numa ag\u00eancia j\u00e1 definida.<\/p>\n<p>Contudo, neste processo de cortes agora apresentado, o banco incluiu aquelas ag\u00eancias na nova reestrutura\u00e7\u00e3o, descumprimento o cronograma apresentado em reuni\u00e3o na DISAP com representantes dos sindicatos.<\/p>\n<p>Situa\u00e7\u00e3o de desespero dos funcion\u00e1rios \u00e9 relatada<\/p>\n<p>Os sindicatos relataram ao BB a situa\u00e7\u00e3o de desespero em muitos depoimentos de funcion\u00e1rios em todos os cantos do pa\u00eds. M\u00e3es e pais de fam\u00edlias que perder\u00e3o seus cargos n\u00e3o veem perspectiva de realoca\u00e7\u00e3o, pois a extin\u00e7\u00e3o de muitos cargos como os de assistentes, gerentes de neg\u00f3cios e gerentes de servi\u00e7o n\u00e3o ter\u00e3o vagas abertas nas mesmas localidades.<\/p>\n<p>Para Wagner Nascimento, os funcion\u00e1rios dever\u00e3o continuar a mobiliza\u00e7\u00e3o em todo o pa\u00eds para que tenhamos resposta efetiva de prote\u00e7\u00e3o \u00e0s pessoas que perderam seus cargos e fun\u00e7\u00f5es. \u201cO n\u00famero de funcion\u00e1rios que sair\u00e3o no plano de aposentadoria n\u00e3o est\u00e1 batendo com os cortes apresentados e os processos s\u00e3o distintos, uma vez que os cortes j\u00e1 est\u00e3o dados. Mais uma vez, insistimos para que o banco garanta a remunera\u00e7\u00e3o das pessoas at\u00e9 que sejam realocadas\u201d.<\/p>\n<p>A participa\u00e7\u00e3o dos funcion\u00e1rios nas atividades de paralisa\u00e7\u00e3o do \u00faltimo dia 29 e o Dia de Preto \u2013 Black Friday do BB no dia 25 mostrou que \u00e9 grande a indigna\u00e7\u00e3o dos funcion\u00e1rios.<\/p>\n<p>\u201cTemos que dar uma resposta forte ao Banco do Brasil e ao governo golpista, intensificando as mobliza\u00e7\u00f5es, como os protestos do \u00faltimo dia 29. Os funcion\u00e1rios deram o recado, uma grande demonstra\u00e7\u00e3o de unidade. Mas precisamos ampliar, para que mais companheiros venham somar for\u00e7as, para banco perceber que n\u00e3o vai retirar direitos dos trabalhadores, n\u00e3o vai destruir nossas conquistas, sem lutas e sem resist\u00eancia\u201d, afirma Carlos de Souza.<\/p>\n<p>Continua\u00e7\u00e3o da mobiliza\u00e7\u00e3o em todo o pa\u00eds<\/p>\n<p>Diante das negativas e falta de resposta do BB para as reivindica\u00e7\u00f5es de prote\u00e7\u00e3o dos funcion\u00e1rios apresentadas, a Contraf-CUT orienta mais um Dia Nacional de Luta em todo o pa\u00eds para o pr\u00f3ximo dia 7 de dezembro.<\/p>\n<p>Nova reuni\u00e3o agendada<\/p>\n<p>Nova reuni\u00e3o foi agenda entre a Comiss\u00e3o de Empresa da Contraf-CUT e o Banco do Brasil para o dia 8 de dezembro.<\/p>\n<p>Tamb\u00e9m foi agendada reuni\u00e3o sobre o modelo digital dentro da reestrutura\u00e7\u00e3o para o pr\u00f3ximo dia 14 de dezembro.<\/p>\n<p>\u00a0<\/p>\n<p>Mat\u00e9ria atulizada em 02\/12\/16<\/p>\n<p>Fonte: Contraf-CUT<\/p>\n","protected":false},"excerpt":{"rendered":"<p>Reuni\u00e3o sobre processo de reestrutura\u00e7\u00e3o e fechamento de ag\u00eancias aconteceu nesta quinta-feira (1\u00ba), em Bras\u00edlia. A Contraf-CUT, atrav\u00e9s da Comiss\u00e3o de Empresa dos Funcion\u00e1rios do BB se reuniu com o Banco do Brasil, em Bras\u00edlia, nesta quinta-feira (1\u00ba), em mais uma mesa de negocia\u00e7\u00e3o sobre o processo de reestrutura\u00e7\u00e3o que envolve fechamento de ag\u00eancias, cortes [&hellip;]<\/p>\n","protected":false},"author":1,"featured_media":2166,"comment_status":"","ping_status":"","sticky":false,"template":"","format":"standard","meta":{"footnotes":""},"categories":[3],"tags":[],"class_list":["post-2167","post","type-post","status-publish","format-standard","has-post-thumbnail","hentry","category-noticias"],"_links":{"self":[{"href":"https:\/\/hostnetart.com.br\/baixada\/wp-json\/wp\/v2\/posts\/2167","targetHints":{"allow":["GET"]}}],"collection":[{"href":"https:\/\/hostnetart.com.br\/baixada\/wp-json\/wp\/v2\/posts"}],"about":[{"href":"https:\/\/hostnetart.com.br\/baixada\/wp-json\/wp\/v2\/types\/post"}],"author":[{"embeddable":true,"href":"https:\/\/hostnetart.com.br\/baixada\/wp-json\/wp\/v2\/users\/1"}],"replies":[{"embeddable":true,"href":"https:\/\/hostnetart.com.br\/baixada\/wp-json\/wp\/v2\/comments?post=2167"}],"version-history":[{"count":0,"href":"https:\/\/hostnetart.com.br\/baixada\/wp-json\/wp\/v2\/posts\/2167\/revisions"}],"wp:featuredmedia":[{"embeddable":true,"href":"https:\/\/hostnetart.com.br\/baixada\/wp-json\/wp\/v2\/media\/2166"}],"wp:attachment":[{"href":"https:\/\/hostnetart.com.br\/baixada\/wp-json\/wp\/v2\/media?parent=2167"}],"wp:term":[{"taxonomy":"category","embeddable":true,"href":"https:\/\/hostnetart.com.br\/baixada\/wp-json\/wp\/v2\/categories?post=2167"},{"taxonomy":"post_tag","embeddable":true,"href":"https:\/\/hostnetart.com.br\/baixada\/wp-json\/wp\/v2\/tags?post=2167"}],"curies":[{"name":"wp","href":"https:\/\/api.w.org\/{rel}","templated":true}]}}