{"id":2165,"date":"2015-08-12T00:00:00","date_gmt":"2015-08-12T03:00:00","guid":{"rendered":"https:\/\/hostnetart.com.br\/baixada\/dias-de-luta-contraf-participara-da-marcha-das-margaridas-em-brasilia\/"},"modified":"2015-08-12T00:00:00","modified_gmt":"2015-08-12T03:00:00","slug":"dias-de-luta-contraf-participara-da-marcha-das-margaridas-em-brasilia","status":"publish","type":"post","link":"https:\/\/hostnetart.com.br\/baixada\/dias-de-luta-contraf-participara-da-marcha-das-margaridas-em-brasilia\/","title":{"rendered":"Dias de Luta: Contraf participar\u00e1 da Marcha das Margaridas em Bras\u00edlia"},"content":{"rendered":"<p>S\u00e3o esperadas mais 100 mil mulheres para a 5\u00aa edi\u00e7\u00e3o da Marcha da Margaridas, que come\u00e7a nesta ter\u00e7a (11) e vai at\u00e9 quarta-feira (12), em Bras\u00edlia. Organizada pela Confedera\u00e7\u00e3o Nacional dos Trabalhadores na Agricultura (Contag), o principal objetivo \u00e9 apresentar uma pauta de reivindica\u00e7\u00f5es que atenda \u00e0s necessidades das mulheres que vivem e trabalham no campo. Mas a Marcha j\u00e1 tem o poder de ecoar mundialmente as bandeiras de luta de todas as trabalhadoras e trabalhadores brasileiros, independentemente da categoria, al\u00e9m de debater a conjuntura econ\u00f4mica e pol\u00edtica do Pa\u00eds.<\/p>\n<p>Neste ano, o combate ao conservadorismo pol\u00edtico atual, que pode levar ao retrocesso das conquistas hist\u00f3ricas dos trabalhadores brasileiros, est\u00e1 em discuss\u00e3o. A marcha contar\u00e1 com a participa\u00e7\u00e3o de 27 federa\u00e7\u00f5es e 11 entidades parceiras. V\u00e1rios dirigentes da Contraf-CUT estar\u00e3o presentes na marcha, que j\u00e1 \u00e9 considerada a maior manifesta\u00e7\u00e3o de mulheres do mundo.<\/p>\n<p>Para a secret\u00e1ria da Mulher da Contraf-CUT, Elaine Cutis, a manifesta\u00e7\u00e3o acontece em um per\u00edodo extremamente desafiador para a classe trabalhadora.<\/p>\n<p>\u201cEstamos nas ruas em defesa dos nossos direitos. N\u00e3o aceitamos o retrocesso, como o projeto da terceiriza\u00e7\u00e3o, que pode prejudicar ainda mais a condi\u00e7\u00e3o da mulher trabalhadora. No setor banc\u00e1rio, j\u00e1 ganhamos 20% a menos do que os homens e, com a terceiriza\u00e7\u00e3o, a situa\u00e7\u00e3o pode ficar ainda mais prec\u00e1ria\u201d, alerta Elaine Cutis.<\/p>\n<p>Entre os pontos da pauta tamb\u00e9m est\u00e3o o fim da viol\u00eancia contra a mulher e os 9 anos da Lei Maria da Penha. Fruto da mobiliza\u00e7\u00e3o popular, a legisla\u00e7\u00e3o, reconhece a situa\u00e7\u00e3o de fragilidade das v\u00edtimas da viol\u00eancia dom\u00e9stica e o Estado toma pra si a responsabilidade de prevenir a viol\u00eancia, proteger as mulheres agredidas, ajudar na reconstru\u00e7\u00e3o da vida da mulher e punir os agressores.<\/p>\n<p>Encontro com Dilma<\/p>\n<p>Na quarta-feira (12), a presidenta Dilma Rousseff participar\u00e1 do ato, no est\u00e1dio Man\u00e9 Garrincha, onde apresentar\u00e1 o compromisso do governo federal com as reivindica\u00e7\u00f5es listadas na pauta do movimento.<br \/>Os diversos movimentos sociais que comp\u00f5em a Marcha das Margaridas assinam a carta intitulada \u2018Porque Marchamos\u2019, publicada no site da Contag. Um dos trechos ressalta a luta contra as desigualdades econ\u00f4micas, sociais e pol\u00edticas.<\/p>\n<p>\u201cMarchamos por liberdade e democracia com efetiva participa\u00e7\u00e3o das mulheres, em defesa de seus direitos e por pol\u00edticas p\u00fablicas constru\u00eddas com respeito \u00e0s diversas identidades, que ajudem na desconstru\u00e7\u00e3o de padr\u00f5es patriarcais e sexistas, valorizem tradi\u00e7\u00f5es culturais, os saberes regionais e protejam a sociobiodiversidade e o patrim\u00f4nio gen\u00e9tico. Tais medidas devem romper com as desigualdades econ\u00f4micas, sociais e pol\u00edticas, vencendo a pobreza, que \u00e9 maior entre as mulheres e agravada entre as mulheres rurais, negras e jovens\u201d, diz um trecho da carta.<\/p>\n<p>Leia aqui o documento na \u00edntegra<\/p>\n<p>\u201c\u00c9 uma grande mobiliza\u00e7\u00e3o, com importantes reivindica\u00e7\u00f5es n\u00e3o s\u00f3 do mundo do trabalho, mas de pol\u00edticas sociais e econ\u00f4micas, que esperamos ver atendidas pelo governo Dilma e tamb\u00e9m pelo Congresso Nacional,\u201d afirma Elaine<\/p>\n<p>Somos todas (os) Margaridas<\/p>\n<p>A Marcha das Margaridas \u00e9 uma homenagem \u00e0 Margarida Maria Alves, presidenta do Sindicato dos Trabalhadores Rurais de Alagoa Grande, na Para\u00edba, assassinada por um pistoleiro no dia 12 de agosto de 1983.<\/p>\n<p>Em sua mem\u00f3ria e para fortalecer a luta, a cada tr\u00eas anos, caravanas de mulheres partem de todo o Pa\u00eds rumo \u00e0 capital federal.<\/p>\n<p>Neste ano, as delega\u00e7\u00f5es chegar\u00e3o ao est\u00e1dio Man\u00e9 Garrincha a partir de 11 de agosto, onde ocorrer\u00e3o confer\u00eancias e pain\u00e9is tem\u00e1ticos no decorrer do dia. A abertura oficial do encontro est\u00e1 prevista para as 19 horas. No dia 12, a Marcha deixa o est\u00e1dio e segue para o Congresso Nacional e a Esplanada dos Minist\u00e9rios pela manh\u00e3. \u00c0s 15h, est\u00e1 marcado o encontro com a presidenta Dilma Rousseff. <\/p>\n<p>Desde 2003, primeiro ano da manifesta\u00e7\u00e3o, mais de 140 mil mulheres j\u00e1 ocuparam Bras\u00edlia para cobrar e conquistar pol\u00edticas p\u00fablicas voltadas a um modelo de desenvolvimento centrado na vida, no respeito \u00e0 diversidade e contra a viol\u00eancia sexista.<\/p>\n<p>A partir de 2007, o governo federal criou uma mesa de negocia\u00e7\u00e3o permanente que seguiu ininterruptamente e \u00e9 atualizada a cada marcha.<br \/>Com o tema \u201cAs Margaridas seguem em marcha por desenvolvimento sustent\u00e1vel, com democracia, justi\u00e7a, autonomia, igualdade e liberdade\u201d, esta edi\u00e7\u00e3o da marcha deve levar \u00e0 capital federal mulheres de todas as partes do Brasil. <\/p>\n<p>Fonte: Contraf-CUT com portais de not\u00edcias<\/p>\n","protected":false},"excerpt":{"rendered":"<p>S\u00e3o esperadas mais 100 mil mulheres para a 5\u00aa edi\u00e7\u00e3o da Marcha da Margaridas, que come\u00e7a nesta ter\u00e7a (11) e vai at\u00e9 quarta-feira (12), em Bras\u00edlia. Organizada pela Confedera\u00e7\u00e3o Nacional dos Trabalhadores na Agricultura (Contag), o principal objetivo \u00e9 apresentar uma pauta de reivindica\u00e7\u00f5es que atenda \u00e0s necessidades das mulheres que vivem e trabalham no [&hellip;]<\/p>\n","protected":false},"author":1,"featured_media":2164,"comment_status":"","ping_status":"","sticky":false,"template":"","format":"standard","meta":{"footnotes":""},"categories":[3],"tags":[],"class_list":["post-2165","post","type-post","status-publish","format-standard","has-post-thumbnail","hentry","category-noticias"],"_links":{"self":[{"href":"https:\/\/hostnetart.com.br\/baixada\/wp-json\/wp\/v2\/posts\/2165","targetHints":{"allow":["GET"]}}],"collection":[{"href":"https:\/\/hostnetart.com.br\/baixada\/wp-json\/wp\/v2\/posts"}],"about":[{"href":"https:\/\/hostnetart.com.br\/baixada\/wp-json\/wp\/v2\/types\/post"}],"author":[{"embeddable":true,"href":"https:\/\/hostnetart.com.br\/baixada\/wp-json\/wp\/v2\/users\/1"}],"replies":[{"embeddable":true,"href":"https:\/\/hostnetart.com.br\/baixada\/wp-json\/wp\/v2\/comments?post=2165"}],"version-history":[{"count":0,"href":"https:\/\/hostnetart.com.br\/baixada\/wp-json\/wp\/v2\/posts\/2165\/revisions"}],"wp:featuredmedia":[{"embeddable":true,"href":"https:\/\/hostnetart.com.br\/baixada\/wp-json\/wp\/v2\/media\/2164"}],"wp:attachment":[{"href":"https:\/\/hostnetart.com.br\/baixada\/wp-json\/wp\/v2\/media?parent=2165"}],"wp:term":[{"taxonomy":"category","embeddable":true,"href":"https:\/\/hostnetart.com.br\/baixada\/wp-json\/wp\/v2\/categories?post=2165"},{"taxonomy":"post_tag","embeddable":true,"href":"https:\/\/hostnetart.com.br\/baixada\/wp-json\/wp\/v2\/tags?post=2165"}],"curies":[{"name":"wp","href":"https:\/\/api.w.org\/{rel}","templated":true}]}}