{"id":2161,"date":"2015-08-12T00:00:00","date_gmt":"2015-08-12T03:00:00","guid":{"rendered":"https:\/\/hostnetart.com.br\/baixada\/cut-tomar-as-ruas-por-direitos-liberdade-e-democracia-no-dia-20-de-agosto\/"},"modified":"2015-08-12T00:00:00","modified_gmt":"2015-08-12T03:00:00","slug":"cut-tomar-as-ruas-por-direitos-liberdade-e-democracia-no-dia-20-de-agosto","status":"publish","type":"post","link":"https:\/\/hostnetart.com.br\/baixada\/cut-tomar-as-ruas-por-direitos-liberdade-e-democracia-no-dia-20-de-agosto\/","title":{"rendered":"CUT: tomar as ruas por Direitos, Liberdade e Democracia no dia 20 de agosto"},"content":{"rendered":"<p>A CUT e outras centrais sindicais, al\u00e9m do PCdoB, PSOL e movimentos populares divulgaram nesta segunda-feira 10 nota conjunta convocando os trabalhadores a participar das manifesta\u00e7\u00f5es do 20 de agosto, em defesa da democracia. <\/p>\n<p>Veja abaixo:<\/p>\n<p>Estaremos nas ruas de todo o pa\u00eds neste 20 de agosto em defesa dos direitos sociais, da liberdade e da democracia, contra a ofensiva da direita e por sa\u00eddas populares para a crise.<\/p>\n<p>&#8211; Contra o ajuste fiscal! Que os ricos paguem pela crise!<\/p>\n<p>A pol\u00edtica econ\u00f4mica do governo joga a conta nas costas do povo. Ao inv\u00e9s de atacar direitos trabalhistas, cortar investimentos sociais e aumentar os juros, defendemos que o governo ajuste as contas em cima dos mais ricos, com taxa\u00e7\u00e3o das grandes fortunas, dividendos e remessas de lucro, al\u00e9m de uma auditoria da d\u00edvida p\u00fablica. Somos contra o aumento das tarifas de energia, \u00e1gua e outros servi\u00e7os b\u00e1sicos, que inflacionam o custo de vida dos trabalhadores. Os direitos trabalhistas precisam ser assegurados: defendemos a redu\u00e7\u00e3o da jornada de trabalho sem redu\u00e7\u00e3o de sal\u00e1rios e a valoriza\u00e7\u00e3o dos aposentados com uma previd\u00eancia p\u00fablica, universal e sem progressividade.<\/p>\n<p>&#8211; Fora Cunha: N\u00e3o \u00e0s pautas conservadoras e ao ataque a direitos!<\/p>\n<p>Eduardo Cunha representa o retrocesso e um ataque \u00e0 democracia. Transformou a C\u00e2mara dos deputados numa Casa da Intoler\u00e2ncia e da retirada de direitos. Somos contra a pauta conservadora e antipopular imposta pelo Congresso: Terceiriza\u00e7\u00e3o, Redu\u00e7\u00e3o da maioridade penal, Contrarreforma Pol\u00edtica (com medidas como financiamento empresarial de campanha, restri\u00e7\u00e3o de participa\u00e7\u00e3o em debates, etc.) e a Entrega do pr\u00e9-sal \u00e0s empresas estrangeiras. Defendemos uma Petrobr\u00e1s 100% estatal. Al\u00e9m disso, estaremos nas ruas em defesa das liberdades: contra o racismo, a intoler\u00e2ncia religiosa, o machismo, a LGBTfobia e a criminaliza\u00e7\u00e3o das lutas sociais.<\/p>\n<p><strong>&#8211; A sa\u00edda \u00e9 pela Esquerda, com o povo na rua, por Reformas Populares!<\/strong><\/p>\n<p>\u00c9 preciso enfrentar a estrutura de desigualdades da sociedade brasileira com uma plataforma popular. Diante dos ataques, a sa\u00edda ser\u00e1 pela mobiliza\u00e7\u00e3o nas ruas, defendendo o aprofundamento da democracia e as Reformas necess\u00e1rias para o Brasil: Reforma Tribut\u00e1ria, Urbana, Agr\u00e1ria, Educacional, Democratiza\u00e7\u00e3o das comunica\u00e7\u00f5es e Reforma democr\u00e1tica do sistema pol\u00edtico para acabar com a corrup\u00e7\u00e3o e ampliar a participa\u00e7\u00e3o popular.<\/p>\n<p>A rua \u00e9 do povo!<\/p>\n<p>20 de Agosto em todo o Brasil!<\/p>\n<p>ASSINAM:<\/p>\n<p>Movimento dos Trabalhadores Sem Teto (MTST) \/ Movimento dos Trabalhadores Rurais Sem Terra (MST) \/ Central \u00danica dos Trabalhadores (CUT) \/ Central dos Trabalhadores e Trabalhadoras do Brasil (CTB) \/ Intersindical \u2013 Central da Classe Trabalhadora\/ Federa\u00e7\u00e3o \u00danica dos Petroleiros (FUP) \/ Uni\u00e3o Nacional dos Estudantes (UNE) \/ Uni\u00e3o Brasileira dos Estudantes Secundaristas (UBES) \/ Rua \u2013 Juventude Anticapitalista \/ Fora do Eixo \/ M\u00eddia Ninja \/ Uni\u00e3o da Juventude Socialista (UJS) \/ Juntos \/ Juventude Socialismo e Liberdade (JSOL) \/ Associa\u00e7\u00e3o Nacional de P\u00f3s Graduandos (ANPG) \/ Federa\u00e7\u00e3o Nacional dos Estudantes do Ensino T\u00e9cnico (Fenet) \/ Uni\u00e3o da Juventude Rebeli\u00e3o (UJR) \/ Uneafro \/ Unegro \/ C\u00edrculo Palmarino \/ Uni\u00e3o Brasileira das Mulheres (UBM) \/ Coletivo de Mulheres Rosas de Mar\u00e7o \/ Coletivo A\u00e7\u00e3o Cr\u00edtica \/ Coletivo Cordel \/ Servi\u00e7o Franciscano de Solidariedade (Sefras) \/ Igreja Povo de Deus em Movimento (IPDM)<\/p>\n<p>PARTIDOS QUE APOIAM O ATO:<\/p>\n<p>Partido Socialismo e Liberdade (PSOL) \/ Partido Comunista do Brasil (PC do B)<\/p>\n<p>Fonte: CUT Nacional<\/p>\n","protected":false},"excerpt":{"rendered":"<p>A CUT e outras centrais sindicais, al\u00e9m do PCdoB, PSOL e movimentos populares divulgaram nesta segunda-feira 10 nota conjunta convocando os trabalhadores a participar das manifesta\u00e7\u00f5es do 20 de agosto, em defesa da democracia. Veja abaixo: Estaremos nas ruas de todo o pa\u00eds neste 20 de agosto em defesa dos direitos sociais, da liberdade e [&hellip;]<\/p>\n","protected":false},"author":1,"featured_media":2160,"comment_status":"","ping_status":"","sticky":false,"template":"","format":"standard","meta":{"footnotes":""},"categories":[3],"tags":[],"class_list":["post-2161","post","type-post","status-publish","format-standard","has-post-thumbnail","hentry","category-noticias"],"_links":{"self":[{"href":"https:\/\/hostnetart.com.br\/baixada\/wp-json\/wp\/v2\/posts\/2161","targetHints":{"allow":["GET"]}}],"collection":[{"href":"https:\/\/hostnetart.com.br\/baixada\/wp-json\/wp\/v2\/posts"}],"about":[{"href":"https:\/\/hostnetart.com.br\/baixada\/wp-json\/wp\/v2\/types\/post"}],"author":[{"embeddable":true,"href":"https:\/\/hostnetart.com.br\/baixada\/wp-json\/wp\/v2\/users\/1"}],"replies":[{"embeddable":true,"href":"https:\/\/hostnetart.com.br\/baixada\/wp-json\/wp\/v2\/comments?post=2161"}],"version-history":[{"count":0,"href":"https:\/\/hostnetart.com.br\/baixada\/wp-json\/wp\/v2\/posts\/2161\/revisions"}],"wp:featuredmedia":[{"embeddable":true,"href":"https:\/\/hostnetart.com.br\/baixada\/wp-json\/wp\/v2\/media\/2160"}],"wp:attachment":[{"href":"https:\/\/hostnetart.com.br\/baixada\/wp-json\/wp\/v2\/media?parent=2161"}],"wp:term":[{"taxonomy":"category","embeddable":true,"href":"https:\/\/hostnetart.com.br\/baixada\/wp-json\/wp\/v2\/categories?post=2161"},{"taxonomy":"post_tag","embeddable":true,"href":"https:\/\/hostnetart.com.br\/baixada\/wp-json\/wp\/v2\/tags?post=2161"}],"curies":[{"name":"wp","href":"https:\/\/api.w.org\/{rel}","templated":true}]}}