{"id":2158,"date":"2015-08-12T00:00:00","date_gmt":"2015-08-12T03:00:00","guid":{"rendered":"https:\/\/hostnetart.com.br\/baixada\/minuta-de-reivindicacao-2015-sera-entregue-nesta-terca-11-de-agosto\/"},"modified":"2015-08-12T00:00:00","modified_gmt":"2015-08-12T03:00:00","slug":"minuta-de-reivindicacao-2015-sera-entregue-nesta-terca-11-de-agosto","status":"publish","type":"post","link":"https:\/\/hostnetart.com.br\/baixada\/minuta-de-reivindicacao-2015-sera-entregue-nesta-terca-11-de-agosto\/","title":{"rendered":"MINUTA DE REIVINDICA\u00c7\u00c3O 2015 SER\u00c1 ENTREGUE, NESTA TER\u00c7A, 11 DE AGOSTO"},"content":{"rendered":"<p>O Comando Nacional dos Banc\u00e1rios, coordenado pela Contraf-CUT), entregou nesta ter\u00e7a 11 de agosto, \u00e0s 9hs, na sede da Federa\u00e7\u00e3o dos Bancos \u2013 Fenaban (avenida Faria Lima, 1485, em S\u00e3o Paulo), a minuta de reivindica\u00e7\u00f5es da categoria da campanha 2015. O presidente da Confedera\u00e7\u00e3o Nacional dos Trabalhadores do Ramo Financeiro (Contraf-CUT), Roberto von der Osten, e a vice-presidenta, Juvandia Moreira, acompanhar\u00e3o a entrega. <br \/>Na mesma data, ser\u00e3o encaminhadas tamb\u00e9m as reivindica\u00e7\u00f5es espec\u00edficas dos banc\u00e1rios do Banco do Brasil e da Caixa Econ\u00f4mica Federal. As reivindica\u00e7\u00f5es gerais foram definidas em vota\u00e7\u00e3o por 667 delegados \u2013 sendo 219 mulheres e 448 homens -, durante a 17\u00aa Confer\u00eancia Nacional dos Banc\u00e1rios, realizada entre 31 de julho e 2 de agosto, em S\u00e3o Paulo. <br \/>As reivindica\u00e7\u00f5es espec\u00edficas da Caixa foram definidas durante o Congresso Nacional dos Empregados da Caixa Federal (Conecef), entre 12 e 14 de junho, e a do Banco do Brasil no 26\u00ba. Congresso Nacional dos Funcion\u00e1rios do BB, na mesma data. Os dois encontros tamb\u00e9m ocorreram em S\u00e3o Paulo.<br \/>A pauta de reivindica\u00e7\u00f5es da Campanha Nacional 2015 ter\u00e1 como pontos centrais o reajuste de 16%, valoriza\u00e7\u00e3o do piso salarial no valor do sal\u00e1rio m\u00ednimo calculado pelo Dieese (R$ 3299,66 em junho), PLR de tr\u00eas sal\u00e1rios mais R$ 7.246,82, defesa do emprego, combate \u00e0s metas abusivas e ao ass\u00e9dio moral, melhores condi\u00e7\u00f5es de trabalho, fim da terceiriza\u00e7\u00e3o e vales-alimenta\u00e7\u00e3o e refei\u00e7\u00e3o maiores. <br \/>\u201cA nossa minuta continuou no formato que ela j\u00e1 tinha, com 129 artigos, que ser\u00e3o negociados exaustivamente com a Fenaban. Resulta hoje numa conven\u00e7\u00e3o coletiva com 68 cl\u00e1usulas contratadas. Ent\u00e3o, temos de avan\u00e7ar bastante ainda\u201d, afirma o presidente da Contraf-CUT.<br \/>A minuta foi analisada pelo departamento jur\u00eddico da Contraf. \u201cForam refeitos o formato e a linguagem. E foi submetida aos sindicatos, que efetuaram suas assembleias, segundo orienta\u00e7\u00e3o jur\u00eddica da Contraf-CUT, para aprova\u00e7\u00e3o. Vamos agora fazer a entrega simb\u00f3lica. E propor para a Fenaban uma negocia\u00e7\u00e3o a partir da pr\u00f3xima semana. J\u00e1 queremos ter o primeiro contato de negocia\u00e7\u00e3o e estabelecer um calend\u00e1rio\u201d, diz Roberto von der Osten.<br \/>Para os empregados da Caixa, as principais reivindica\u00e7\u00f5es s\u00e3o a melhoria das condi\u00e7\u00f5es de trabalho, mais contrata\u00e7\u00f5es, fim do GDP (Gest\u00e3o de Desempenho de Pessoas), combate \u00e0s metas abusivas e defesa da isonomia. A mobiliza\u00e7\u00e3o pelo fim do GDP foi um dos consensos do Conecef, motivo de reclama\u00e7\u00f5es em todo o Pa\u00eds, principalmente, em raz\u00e3o de metas excessivas. \u201cE queremos tamb\u00e9m que a Caixa fa\u00e7a mais contrata\u00e7\u00f5es e melhore o atendimento \u00e0 popula\u00e7\u00e3o. A Caixa tem todas as condi\u00e7\u00f5es no momento para fazer isso\u201d, diz Sergio Takemoto, funcion\u00e1rio do banco e secret\u00e1rio de Finan\u00e7as da Contraf-CUT. <br \/>Entre as demandas espec\u00edficas do Banco do Brasil est\u00e3o a luta por melhorias no PCR, mais contrata\u00e7\u00f5es, melhores condi\u00e7\u00f5es de trabalho e fim do ass\u00e9dio moral. Tamb\u00e9m foi aprovada a manuten\u00e7\u00e3o do princ\u00edpio de solidariedade na Cassi \u00e0 inclus\u00e3o de funcion\u00e1rios vindos de bancos incorporados pelo BB.<br \/>\u201c\u00c9 um momento conjuntural dif\u00edcil, mas a exemplo do que propomos para o Brasil, n\u00e3o \u00e9 hora de retrancar e sim de expandir o cr\u00e9dito, baixar as taxas e os juros para que a economia continue crescendo, achando uma sa\u00edda que n\u00e3o seja de recuo e sim de desenvolvimento\u201d, diz Carlos Souza, funcion\u00e1rio do BB e secret\u00e1rio-geral da Contraf-CUT. \u201cA categoria tem de entrar na campanha de forma ambiciosa e corajosa.\u201d <\/p>\n<p><strong>Principais reivindica\u00e7\u00f5es aprovadas na 17\u00aa. Confer\u00eancia<\/strong><\/p>\n<p>Reajuste salarial de 16%. (incluindo reposi\u00e7\u00e3o da infla\u00e7\u00e3o mais 5,7% de aumento real)<\/p>\n<p>PLR: 3 sal\u00e1rios mais R$7.246,82 <\/p>\n<p>Piso: R$3.299,66 (equivalente ao sal\u00e1rio m\u00ednimo do Dieese em valores de junho \u00faltimo).<\/p>\n<p>Vales alimenta\u00e7\u00e3o, refei\u00e7\u00e3o, 13\u00aa cesta e aux\u00edlio-creche\/bab\u00e1: R$788,00 ao m\u00eas para cada (sal\u00e1rio m\u00ednimo nacional).<\/p>\n<p>Melhores condi\u00e7\u00f5es de trabalho com o fim das metas abusivas e do ass\u00e9dio moral que adoecem os banc\u00e1rios.<\/p>\n<p>Emprego: fim das demiss\u00f5es, mais contrata\u00e7\u00f5es, fim da rotatividade e combate \u00e0s terceiriza\u00e7\u00f5es diante dos riscos de aprova\u00e7\u00e3o do PLC 30\/15 no Senado Federal, al\u00e9m da ratifica\u00e7\u00e3o da Conven\u00e7\u00e3o 158 da OIT, que co\u00edbe dispensas imotivadas.<br \/>Plano de Cargos, Carreiras e Sal\u00e1rios (PCCS): para todos os banc\u00e1rios.<\/p>\n<p>Aux\u00edlio-educa\u00e7\u00e3o: pagamento para gradua\u00e7\u00e3o e p\u00f3s.<br \/>Preven\u00e7\u00e3o contra assaltos e sequestros: perman\u00eancia de dois vigilantes por andar nas ag\u00eancias e pontos de servi\u00e7os banc\u00e1rios, conforme legisla\u00e7\u00e3o. Instala\u00e7\u00e3o de portas girat\u00f3rias com detector de metais na entrada das \u00e1reas de autoatendimento e biombos nos caixas. Abertura e fechamento remoto das ag\u00eancias, fim da guarda das chaves por funcion\u00e1rios. <\/p>\n<p>Igualdade de oportunidades: fim \u00e0s discrimina\u00e7\u00f5es nos sal\u00e1rios e na ascens\u00e3o profissional de mulheres, negros, gays, l\u00e9sbicas, transsexuais e pessoas com defici\u00eancia (PCDs). <\/p>\n<p>Fonte: Contraf-CUT<\/p>\n","protected":false},"excerpt":{"rendered":"<p>O Comando Nacional dos Banc\u00e1rios, coordenado pela Contraf-CUT), entregou nesta ter\u00e7a 11 de agosto, \u00e0s 9hs, na sede da Federa\u00e7\u00e3o dos Bancos \u2013 Fenaban (avenida Faria Lima, 1485, em S\u00e3o Paulo), a minuta de reivindica\u00e7\u00f5es da categoria da campanha 2015. O presidente da Confedera\u00e7\u00e3o Nacional dos Trabalhadores do Ramo Financeiro (Contraf-CUT), Roberto von der Osten, [&hellip;]<\/p>\n","protected":false},"author":1,"featured_media":2157,"comment_status":"","ping_status":"","sticky":false,"template":"","format":"standard","meta":{"footnotes":""},"categories":[3],"tags":[],"class_list":["post-2158","post","type-post","status-publish","format-standard","has-post-thumbnail","hentry","category-noticias"],"_links":{"self":[{"href":"https:\/\/hostnetart.com.br\/baixada\/wp-json\/wp\/v2\/posts\/2158","targetHints":{"allow":["GET"]}}],"collection":[{"href":"https:\/\/hostnetart.com.br\/baixada\/wp-json\/wp\/v2\/posts"}],"about":[{"href":"https:\/\/hostnetart.com.br\/baixada\/wp-json\/wp\/v2\/types\/post"}],"author":[{"embeddable":true,"href":"https:\/\/hostnetart.com.br\/baixada\/wp-json\/wp\/v2\/users\/1"}],"replies":[{"embeddable":true,"href":"https:\/\/hostnetart.com.br\/baixada\/wp-json\/wp\/v2\/comments?post=2158"}],"version-history":[{"count":0,"href":"https:\/\/hostnetart.com.br\/baixada\/wp-json\/wp\/v2\/posts\/2158\/revisions"}],"wp:featuredmedia":[{"embeddable":true,"href":"https:\/\/hostnetart.com.br\/baixada\/wp-json\/wp\/v2\/media\/2157"}],"wp:attachment":[{"href":"https:\/\/hostnetart.com.br\/baixada\/wp-json\/wp\/v2\/media?parent=2158"}],"wp:term":[{"taxonomy":"category","embeddable":true,"href":"https:\/\/hostnetart.com.br\/baixada\/wp-json\/wp\/v2\/categories?post=2158"},{"taxonomy":"post_tag","embeddable":true,"href":"https:\/\/hostnetart.com.br\/baixada\/wp-json\/wp\/v2\/tags?post=2158"}],"curies":[{"name":"wp","href":"https:\/\/api.w.org\/{rel}","templated":true}]}}