{"id":2130,"date":"2016-11-22T00:00:00","date_gmt":"2016-11-22T02:00:00","guid":{"rendered":"https:\/\/hostnetart.com.br\/baixada\/sob-batuta-de-temer-banco-do-brasil-anuncia-fechamento-de-agencias-e-corte-de-funcionarios\/"},"modified":"2016-11-22T00:00:00","modified_gmt":"2016-11-22T02:00:00","slug":"sob-batuta-de-temer-banco-do-brasil-anuncia-fechamento-de-agencias-e-corte-de-funcionarios","status":"publish","type":"post","link":"https:\/\/hostnetart.com.br\/baixada\/sob-batuta-de-temer-banco-do-brasil-anuncia-fechamento-de-agencias-e-corte-de-funcionarios\/","title":{"rendered":"Sob batuta de Temer, Banco do Brasil anuncia fechamento de ag\u00eancias e corte de funcion\u00e1rios"},"content":{"rendered":"<p>Comiss\u00e3o de Empresa solicitou negocia\u00e7\u00e3o urgente com o banco e reuni\u00e3o foi marcada para esta ter\u00e7a (22)<\/p>\n<p>Os funcion\u00e1rios do Banco do Brasil iniciam a semana de trabalho com intranquilidade e indigna\u00e7\u00e3o. O banco anunciou, neste domingo (20), em comunicado \u00e0 imprensa e ao mercado, uma grande reestrutura\u00e7\u00e3o envolvendo corte de ag\u00eancias e redu\u00e7\u00e3o do quadro de funcion\u00e1rios. O BB reduzir\u00e1 sua estrutura em todos as \u00e1reas, principalmente na rede de ag\u00eancias, onde 379 ser\u00e3o transformadas em postos de atendimento e 402 ser\u00e3o fechadas.<\/p>\n<p>O banco comunicou um Plano Extraordin\u00e1rio de Aposentadoria Incentivada (PEAI), de ades\u00e3o volunt\u00e1ria at\u00e9 09 de dezembro de 2016, com incentivo aos funcion\u00e1rios que re\u00fanam condi\u00e7\u00f5es para se aposentar. O p\u00fablico alvo \u00e9 de 18.000 funcion\u00e1rios. Al\u00e9m dos cortes de dota\u00e7\u00e3o de pessoas e plano de aposentadoria, o BB tamb\u00e9m anunciou a amplia\u00e7\u00e3o do p\u00fablico alvo da jornada de 6 horas, estendendo a op\u00e7\u00e3o aos assessores de todas unidades.<\/p>\n<p>Confira aqui o comunicado enviado \u00e0 imprensa<\/p>\n<p>Confira aqui a divulga\u00e7\u00e3o de informa\u00e7\u00f5es ao mercado (Fato Relevante)<\/p>\n<p>Sob o comando do governo ileg\u00edtimo de Michel Temer, o plano \u00e9 cortar R$ 750 milh\u00f5es de gastos do banco, sendo R$ 450 milh\u00f5es com a nova estrutura organizacional e R$ 300 milh\u00f5es com redu\u00e7\u00e3o de despesas com transporte de valores, seguran\u00e7a e im\u00f3veis. Medida que segue na contram\u00e3o do papel que o banco vinha desempenhando, nos \u00faltimos anos, de fomento ao desenvolvimento social e econ\u00f4mico do Pa\u00eds.<\/p>\n<p>Contraf-CUT e Sindicatos querem negociar garantias e direitos<\/p>\n<p>A Contraf-CUT e a Comiss\u00e3o de Empresa dos Funcion\u00e1rios do Banco do Brasil entraram em contato com a dire\u00e7\u00e3o do banco neste domingo (2) para agendar urgentemente uma reuni\u00e3o para esclarecimento das medidas e negocia\u00e7\u00e3o de garantias e direitos dos funcion\u00e1rios que ser\u00e3o afetados. A reuni\u00e3o ficou marcada para a esta ter\u00e7a-feira (22) \u00e0s 10 horas, em Bras\u00edlia.<\/p>\n<p>O secret\u00e1rio-geral da Contraf-CUT, Carlos de Souza, ressalta que a entidade \u00e9 contr\u00e1ria a qualquer projeto que tente destruir a pol\u00edtica de valoriza\u00e7\u00e3o do Banco do Brasil e de seus funcion\u00e1rios.<\/p>\n<p>\u201cNos \u00faltimos 15 anos, os banco vinha se reconstruindo, ap\u00f3s o ataque neoliberal da d\u00e9cada de 1990. Nestes \u00faltimos anos retomamos o n\u00famero de funcion\u00e1rios e recuperamos mais de 50 mil empregos perdidos. O banco foi se atualizando e disputando com os grandes, como Ita\u00fa e Bradesco, sendo, durante muito tempo, o maior banco do pa\u00eds. \u00c9 inadmiss\u00edvel que um governo golpista, ileg\u00edtimo, tente destruir este trabalho\u201d, afirma o secret\u00e1rio da Contraf-CUT.<\/p>\n<p>Para Wagner Nascimento, Coordenador da Comiss\u00e3o de Empresa dos Funcion\u00e1rios do BB, um pacote de medidas t\u00e3o significativas e que afetam tantos funcion\u00e1rios deveria ter sido comunicado diretamente aos representantes dos trabalhadores e n\u00e3o via imprensa.<\/p>\n<p>\u201cFechamento de centros de servi\u00e7os e centenas de ag\u00eancias v\u00e3o prejudicar muito os funcion\u00e1rios e estes precisam de aten\u00e7\u00e3o. O banco precisa respeitar mais os seus funcion\u00e1rios e pode come\u00e7ar abrindo um canal de negocia\u00e7\u00e3o efetiva quanto aos impactos das medidas anunciadas\u201d, critica Wagner.<\/p>\n<p>Postura de Temer causa indigna\u00e7\u00e3o<\/p>\n<p>Logo ap\u00f3s a finaliza\u00e7\u00e3o da Campanha Nacional dos Banc\u00e1rios, em outubro deste ano, durante entrevista \u00e0 Globonews, Temer afirmou que o \u201cBanco do Brasil estava pensando em cortar uma por\u00e7\u00e3o de fun\u00e7\u00f5es, de cargos que l\u00e1 existem, que s\u00e3o absolutamente desnecess\u00e1rios\u201d.<\/p>\n<p>O Banco vinha constantemente negando e dando respostas evasivas quando perguntado sobre redu\u00e7\u00e3o de funcion\u00e1rios. Nas redes sociais j\u00e1 circulavam documentos com detalhes da reestrutura\u00e7\u00e3o. Somente ap\u00f3s o vazamento \u00e0 imprensa, o banco divulgou a not\u00edcia aos seus funcion\u00e1rios, que ser\u00e3o os mais afetados pelas medidas de corte de gastos.<\/p>\n<p>\u201cUm desrespeito com os trabalhadores. Precisamos conhecer cada detalhe da reestrutura\u00e7\u00e3o para orientar os funcion\u00e1rios sobre a ades\u00e3o ao plano de aposentadoria e redu\u00e7\u00e3o da jornada. Contudo, nossa grande preocupa\u00e7\u00e3o no momento \u00e9 com as banc\u00e1rias e banc\u00e1rios que ter\u00e3o suas unidades reduzidas ou fechadas\u201d, explica Wagner Nascimento.<\/p>\n<p>\u201cEst\u00e3o tirando a tranquilidade do conjunto de funcion\u00e1rios e levando a um momento de inseguran\u00e7a. \u00c9 bom deixar claro, que a Contraf-CUT \u00e9 contr\u00e1ria a este pacote de mudan\u00e7as e vamos lutar contra este ataque\u201d, conclui Carlos de Souza.<\/p>\n<p>Mat\u00e9ria atualizada \u00e0s 14h30.<\/p>\n<p>\u00a0<\/p>\n<p>Fonte: Contraf-CUT<\/p>\n","protected":false},"excerpt":{"rendered":"<p>Comiss\u00e3o de Empresa solicitou negocia\u00e7\u00e3o urgente com o banco e reuni\u00e3o foi marcada para esta ter\u00e7a (22) Os funcion\u00e1rios do Banco do Brasil iniciam a semana de trabalho com intranquilidade e indigna\u00e7\u00e3o. O banco anunciou, neste domingo (20), em comunicado \u00e0 imprensa e ao mercado, uma grande reestrutura\u00e7\u00e3o envolvendo corte de ag\u00eancias e redu\u00e7\u00e3o do [&hellip;]<\/p>\n","protected":false},"author":1,"featured_media":2129,"comment_status":"","ping_status":"","sticky":false,"template":"","format":"standard","meta":{"footnotes":""},"categories":[3],"tags":[],"class_list":["post-2130","post","type-post","status-publish","format-standard","has-post-thumbnail","hentry","category-noticias"],"_links":{"self":[{"href":"https:\/\/hostnetart.com.br\/baixada\/wp-json\/wp\/v2\/posts\/2130","targetHints":{"allow":["GET"]}}],"collection":[{"href":"https:\/\/hostnetart.com.br\/baixada\/wp-json\/wp\/v2\/posts"}],"about":[{"href":"https:\/\/hostnetart.com.br\/baixada\/wp-json\/wp\/v2\/types\/post"}],"author":[{"embeddable":true,"href":"https:\/\/hostnetart.com.br\/baixada\/wp-json\/wp\/v2\/users\/1"}],"replies":[{"embeddable":true,"href":"https:\/\/hostnetart.com.br\/baixada\/wp-json\/wp\/v2\/comments?post=2130"}],"version-history":[{"count":0,"href":"https:\/\/hostnetart.com.br\/baixada\/wp-json\/wp\/v2\/posts\/2130\/revisions"}],"wp:featuredmedia":[{"embeddable":true,"href":"https:\/\/hostnetart.com.br\/baixada\/wp-json\/wp\/v2\/media\/2129"}],"wp:attachment":[{"href":"https:\/\/hostnetart.com.br\/baixada\/wp-json\/wp\/v2\/media?parent=2130"}],"wp:term":[{"taxonomy":"category","embeddable":true,"href":"https:\/\/hostnetart.com.br\/baixada\/wp-json\/wp\/v2\/categories?post=2130"},{"taxonomy":"post_tag","embeddable":true,"href":"https:\/\/hostnetart.com.br\/baixada\/wp-json\/wp\/v2\/tags?post=2130"}],"curies":[{"name":"wp","href":"https:\/\/api.w.org\/{rel}","templated":true}]}}