{"id":2118,"date":"2016-11-03T00:00:00","date_gmt":"2016-11-03T02:00:00","guid":{"rendered":"https:\/\/hostnetart.com.br\/baixada\/novembro-azul-conscientiza-homens-para-prevencao-do-cancer-de-prostata-2\/"},"modified":"2016-11-03T00:00:00","modified_gmt":"2016-11-03T02:00:00","slug":"novembro-azul-conscientiza-homens-para-prevencao-do-cancer-de-prostata-2","status":"publish","type":"post","link":"https:\/\/hostnetart.com.br\/baixada\/novembro-azul-conscientiza-homens-para-prevencao-do-cancer-de-prostata-2\/","title":{"rendered":"Novembro Azul conscientiza homens para preven\u00e7\u00e3o do c\u00e2ncer de pr\u00f3stata"},"content":{"rendered":"<p>Depois de o m\u00eas de outubro ser marcado pela campanha de mobiliza\u00e7\u00e3o para preven\u00e7\u00e3o do c\u00e2ncer de mama, conhecida como Outubro Rosa, agora \u00e9 a vez dos homens. O m\u00eas de novembro \u00e9 internacionalmente dedicado \u00e0s a\u00e7\u00f5es relacionadas ao c\u00e2ncer de pr\u00f3stata e \u00e0 sa\u00fade do homem. No Brasil, o c\u00e2ncer de pr\u00f3stata \u00e9 o segundo mais comum entre os homens (atr\u00e1s apenas do c\u00e2ncer de pele n\u00e3o-melanoma). Em valores absolutos, \u00e9 o sexto tipo mais comum no mundo e o mais prevalente em homens, representando cerca de 10% do total de c\u00e2nceres. Sua taxa de incid\u00eancia \u00e9 cerca de seis vezes maior nos pa\u00edses desenvolvidos em compara\u00e7\u00e3o aos pa\u00edses em desenvolvimento. Mais do que qualquer outro tipo, \u00e9 considerado um c\u00e2ncer da terceira idade, j\u00e1 que cerca de tr\u00eas quartos dos casos no mundo ocorrem a partir dos 65 anos. O aumento observado nas taxas de incid\u00eancia no Brasil pode ser parcialmente justificado pela evolu\u00e7\u00e3o dos m\u00e9todos diagn\u00f3sticos (exames), pela melhoria na qualidade dos sistemas de informa\u00e7\u00e3o do pa\u00eds e pelo aumento na expectativa de vida. Alguns desses tumores podem crescer de forma r\u00e1pida, espalhando-se para outros \u00f3rg\u00e3os e podendo levar \u00e0 morte. A grande maioria, por\u00e9m, cresce de forma t\u00e3o lenta (leva cerca de 15 anos para atingir 1 cm\u00b3 ) que n\u00e3o chega a dar sinais durante a vida e nem a amea\u00e7ar a sa\u00fade do homem.<\/p>\n<p>\u00a0<\/p>\n<p><strong>Preven\u00e7\u00e3o:<\/strong><\/p>\n<p>J\u00e1 est\u00e1 comprovado que uma dieta rica em frutas, verduras, legumes, gr\u00e3os e cereais integrais, e com menos gordura, principalmente as de origem animal, ajuda a diminuir o risco de c\u00e2ncer, como tamb\u00e9m de outras doen\u00e7as cr\u00f4nicas n\u00e3o-transmiss\u00edveis. Nesse sentido, outros h\u00e1bitos saud\u00e1veis tamb\u00e9m s\u00e3o recomendados, como fazer, no m\u00ednimo, 30 minutos di\u00e1rios de atividade f\u00edsica, manter o peso adequado \u00e0 altura, diminuir o consumo de \u00e1lcool e n\u00e3o fumar. A idade \u00e9 um fator de risco importante para o c\u00e2ncer de pr\u00f3stata, uma vez que tanto a incid\u00eancia como a mortalidade aumentam significativamente ap\u00f3s os 50 anos.<\/p>\n<p>\u00a0<\/p>\n<p><strong>Sintomas:<\/strong><\/p>\n<p>Em sua fase inicial, o c\u00e2ncer da pr\u00f3stata tem evolu\u00e7\u00e3o silenciosa. Muitos pacientes n\u00e3o apresentam nenhum sintoma ou, quando apresentam, s\u00e3o semelhantes aos do crescimento benigno da pr\u00f3stata (dificuldade de urinar, necessidade de urinar mais vezes durante o dia ou a noite). Na fase avan\u00e7ada, pode provocar dor \u00f3ssea, sintomas urin\u00e1rios ou, quando mais grave, infec\u00e7\u00e3o generalizada ou insufici\u00eancia renal.<\/p>\n<p>\u00a0<\/p>\n<p><strong>Tratamento:<\/strong><\/p>\n<p>Para doen\u00e7a localizada, cirurgia, radioterapia e at\u00e9 mesmo observa\u00e7\u00e3o vigilante (em algumas situa\u00e7\u00f5es especiais) podem ser oferecidos. Para doen\u00e7a localmente avan\u00e7ada, radioterapia ou cirurgia em combina\u00e7\u00e3o com tratamento hormonal t\u00eam sido utilizados. Para doen\u00e7a metast\u00e1tica (quando o tumor original j\u00e1 se espalhou para outras partes do corpo), o tratamento de elei\u00e7\u00e3o \u00e9 a terapia hormonal. A escolha do tratamento mais adequado deve ser individualizada e definida ap\u00f3s discutir os riscos e benef\u00edcios do tratamento com o seu m\u00e9dico.<\/p>\n<p>\u00a0<\/p>\n<p>Fonte: <a href=\"http:\/\/www2.inca.gov.br\/\">www2.inca.gov.br<\/a><\/p>\n","protected":false},"excerpt":{"rendered":"<p>Depois de o m\u00eas de outubro ser marcado pela campanha de mobiliza\u00e7\u00e3o para preven\u00e7\u00e3o do c\u00e2ncer de mama, conhecida como Outubro Rosa, agora \u00e9 a vez dos homens. O m\u00eas de novembro \u00e9 internacionalmente dedicado \u00e0s a\u00e7\u00f5es relacionadas ao c\u00e2ncer de pr\u00f3stata e \u00e0 sa\u00fade do homem. No Brasil, o c\u00e2ncer de pr\u00f3stata \u00e9 o [&hellip;]<\/p>\n","protected":false},"author":1,"featured_media":2117,"comment_status":"","ping_status":"","sticky":false,"template":"","format":"standard","meta":{"footnotes":""},"categories":[3],"tags":[],"class_list":["post-2118","post","type-post","status-publish","format-standard","has-post-thumbnail","hentry","category-noticias"],"_links":{"self":[{"href":"https:\/\/hostnetart.com.br\/baixada\/wp-json\/wp\/v2\/posts\/2118","targetHints":{"allow":["GET"]}}],"collection":[{"href":"https:\/\/hostnetart.com.br\/baixada\/wp-json\/wp\/v2\/posts"}],"about":[{"href":"https:\/\/hostnetart.com.br\/baixada\/wp-json\/wp\/v2\/types\/post"}],"author":[{"embeddable":true,"href":"https:\/\/hostnetart.com.br\/baixada\/wp-json\/wp\/v2\/users\/1"}],"replies":[{"embeddable":true,"href":"https:\/\/hostnetart.com.br\/baixada\/wp-json\/wp\/v2\/comments?post=2118"}],"version-history":[{"count":0,"href":"https:\/\/hostnetart.com.br\/baixada\/wp-json\/wp\/v2\/posts\/2118\/revisions"}],"wp:featuredmedia":[{"embeddable":true,"href":"https:\/\/hostnetart.com.br\/baixada\/wp-json\/wp\/v2\/media\/2117"}],"wp:attachment":[{"href":"https:\/\/hostnetart.com.br\/baixada\/wp-json\/wp\/v2\/media?parent=2118"}],"wp:term":[{"taxonomy":"category","embeddable":true,"href":"https:\/\/hostnetart.com.br\/baixada\/wp-json\/wp\/v2\/categories?post=2118"},{"taxonomy":"post_tag","embeddable":true,"href":"https:\/\/hostnetart.com.br\/baixada\/wp-json\/wp\/v2\/tags?post=2118"}],"curies":[{"name":"wp","href":"https:\/\/api.w.org\/{rel}","templated":true}]}}