{"id":2114,"date":"2016-11-03T00:00:00","date_gmt":"2016-11-03T02:00:00","guid":{"rendered":"https:\/\/hostnetart.com.br\/baixada\/funcionarios-param-em-protesto-contra-decisao-arbitraria-na-previ\/"},"modified":"2016-11-03T00:00:00","modified_gmt":"2016-11-03T02:00:00","slug":"funcionarios-param-em-protesto-contra-decisao-arbitraria-na-previ","status":"publish","type":"post","link":"https:\/\/hostnetart.com.br\/baixada\/funcionarios-param-em-protesto-contra-decisao-arbitraria-na-previ\/","title":{"rendered":"Funcion\u00e1rios param em protesto contra decis\u00e3o arbitr\u00e1ria na Previ"},"content":{"rendered":"<p>Comiss\u00e3o foi recebida pelo presidente da Previ e haver\u00e1 nova reuni\u00e3o nesta segunda (31)<\/p>\n<p>Os funcion\u00e1rios da sede da Previ no Rio de Janeiro paralisaram suas atividades nesta quinta-feira (27) em protesto contra a decis\u00e3o arbitr\u00e1ria da diretora Cec\u00edlia Garcez da DIRAD (Diretoria de Administra\u00e7\u00e3o), que ordenou o retorno da funcion\u00e1ria Jaqueline Ferreira para o banco e com isso o seu descomissionamento, ap\u00f3s quase 10 anos de reconhecida atua\u00e7\u00e3o.<\/p>\n<p>No \u00faltimo dia 26 o Sindicato dos Banc\u00e1rios do Rio divulgou nota de rep\u00fadio onde cobra a revis\u00e3o dessa medida injusta e afirma que n\u00e3o aceitar\u00e1 que pr\u00e1ticas ilegais e ditatoriais se imponham ao funcionalismo, principalmente por pessoas que foram eleitas para dirigir o nosso fundo de pens\u00e3o.<\/p>\n<p>Durante a paralisa\u00e7\u00e3o uma comiss\u00e3o composta por representantes do Sindicato, da Fetrafi-RJ\/ES e da Contraf- CUT foi recebida pelo presidente da Previ, Gueito Matsuro Genso e pelo vice presidente do Banco do Brasil, Paulo Roberto Lopes Ricci \u2013 que \u00e9 tamb\u00e9m presidente do Conselho Deliberativo da Previ- e entregaram a nota de rep\u00fadio.<\/p>\n<\/p>\n<div class=\"real-content\">\n<p>\u201cArgumentamos que o nosso objetivo com o protesto \u00e9 garantir os mesmos direitos dos funcion\u00e1rios do banco para os\u00a0que s\u00e3o cedidos \u00e0 Previ e reiteramos que n\u00e3o aceitaremos nenhum tipo de persegui\u00e7\u00e3o por prefer\u00eancias pol\u00edticas ou partid\u00e1rias nem qualquer tipo de atitudes antissindicais\u201d afirma Carlos de Souza, secret\u00e1rio Geral da Contraf-CUT.<\/p>\n<p>Diante dos questionamentos e da mobiliza\u00e7\u00e3o o presidente da Previ decidiu que vai receber os representantes dos trabalhadores em reuni\u00e3o que acontecer\u00e1 na manh\u00e3 pr\u00f3xima segunda-feira.<\/p>\n<p>\u201cConseguimos tamb\u00e9m a garantia de que n\u00e3o vai haver qualquer desconto ou puni\u00e7\u00e3o aos que participaram da atividade de hoje\u201d, destaca Carlos.<\/p>\n<p id=\"page-author\">Fonte: Contraf-CUT<\/p>\n<div class=\"clear\">\u00a0<\/div>\n<\/div>\n<div class=\"in_post_widget clearfix\">\u00a0<\/div>\n","protected":false},"excerpt":{"rendered":"<p>Comiss\u00e3o foi recebida pelo presidente da Previ e haver\u00e1 nova reuni\u00e3o nesta segunda (31) Os funcion\u00e1rios da sede da Previ no Rio de Janeiro paralisaram suas atividades nesta quinta-feira (27) em protesto contra a decis\u00e3o arbitr\u00e1ria da diretora Cec\u00edlia Garcez da DIRAD (Diretoria de Administra\u00e7\u00e3o), que ordenou o retorno da funcion\u00e1ria Jaqueline Ferreira para o [&hellip;]<\/p>\n","protected":false},"author":1,"featured_media":2113,"comment_status":"","ping_status":"","sticky":false,"template":"","format":"standard","meta":{"footnotes":""},"categories":[3],"tags":[],"class_list":["post-2114","post","type-post","status-publish","format-standard","has-post-thumbnail","hentry","category-noticias"],"_links":{"self":[{"href":"https:\/\/hostnetart.com.br\/baixada\/wp-json\/wp\/v2\/posts\/2114","targetHints":{"allow":["GET"]}}],"collection":[{"href":"https:\/\/hostnetart.com.br\/baixada\/wp-json\/wp\/v2\/posts"}],"about":[{"href":"https:\/\/hostnetart.com.br\/baixada\/wp-json\/wp\/v2\/types\/post"}],"author":[{"embeddable":true,"href":"https:\/\/hostnetart.com.br\/baixada\/wp-json\/wp\/v2\/users\/1"}],"replies":[{"embeddable":true,"href":"https:\/\/hostnetart.com.br\/baixada\/wp-json\/wp\/v2\/comments?post=2114"}],"version-history":[{"count":0,"href":"https:\/\/hostnetart.com.br\/baixada\/wp-json\/wp\/v2\/posts\/2114\/revisions"}],"wp:featuredmedia":[{"embeddable":true,"href":"https:\/\/hostnetart.com.br\/baixada\/wp-json\/wp\/v2\/media\/2113"}],"wp:attachment":[{"href":"https:\/\/hostnetart.com.br\/baixada\/wp-json\/wp\/v2\/media?parent=2114"}],"wp:term":[{"taxonomy":"category","embeddable":true,"href":"https:\/\/hostnetart.com.br\/baixada\/wp-json\/wp\/v2\/categories?post=2114"},{"taxonomy":"post_tag","embeddable":true,"href":"https:\/\/hostnetart.com.br\/baixada\/wp-json\/wp\/v2\/tags?post=2114"}],"curies":[{"name":"wp","href":"https:\/\/api.w.org\/{rel}","templated":true}]}}