{"id":2103,"date":"2016-10-20T00:00:00","date_gmt":"2016-10-20T02:00:00","guid":{"rendered":"https:\/\/hostnetart.com.br\/baixada\/bradesco-paga-antecipacao-da-plr-e-abono-de-r-3-5-mil-nesta-sexta-feira-21\/"},"modified":"2016-10-20T00:00:00","modified_gmt":"2016-10-20T02:00:00","slug":"bradesco-paga-antecipacao-da-plr-e-abono-de-r-3-5-mil-nesta-sexta-feira-21","status":"publish","type":"post","link":"https:\/\/hostnetart.com.br\/baixada\/bradesco-paga-antecipacao-da-plr-e-abono-de-r-3-5-mil-nesta-sexta-feira-21\/","title":{"rendered":"Bradesco paga antecipa\u00e7\u00e3o da PLR e abono de R$3,5 mil nesta sexta-feira (21)"},"content":{"rendered":"<p>O Bradesco pagar\u00e1 na pr\u00f3xima sexta (21) a antecipa\u00e7\u00e3o da Participa\u00e7\u00e3o nos Lucros e Resultados (PLR) e o abono de R$3,5 mil. No dia 27, ser\u00e3o pagas as diferen\u00e7as nos vales e da 13\u00aa cesta alimenta\u00e7\u00e3o,\u00a0e no dia 28, as diferen\u00e7as salariais.<\/p>\n<p>A Conven\u00e7\u00e3o Coletiva de Trabalho (CCT) 2016-2018, assinada na \u00faltima quinta-feira (13) com a\u00a0Fenaban, em S\u00e3o Paulo, prev\u00ea 8% de reajuste mais abono de R$3,5 mil, agora em 2016, al\u00e9m de corre\u00e7\u00e3o de 15% no vale-alimenta\u00e7\u00e3o e 10% no vale-refei\u00e7\u00e3o e no aux\u00edlio creche\/bab\u00e1. Para 2017, os banc\u00e1rios asseguraram reposi\u00e7\u00e3o integral da infla\u00e7\u00e3o (INPC\/IBGE) mais 1% de aumento real.<\/p>\n<p>A antecipa\u00e7\u00e3o da PLR corresponde a 54% do sal\u00e1rio reajustado em setembro de 2016, mais fixo de R$ 1.310,12, limitado a R$ 7.028,15 e ao teto de 12,8% do lucro l\u00edquido \u2013 o que ocorrer primeiro.<\/p>\n<p>\u00a0<\/p>\n<p><em>Mat\u00e9ria atualizada \u00e0s 9h26<\/em><\/p>\n<p>\u00a0<\/p>\n<p id=\"page-author\">Fonte: Contraf-CUT<\/p>\n","protected":false},"excerpt":{"rendered":"<p>O Bradesco pagar\u00e1 na pr\u00f3xima sexta (21) a antecipa\u00e7\u00e3o da Participa\u00e7\u00e3o nos Lucros e Resultados (PLR) e o abono de R$3,5 mil. No dia 27, ser\u00e3o pagas as diferen\u00e7as nos vales e da 13\u00aa cesta alimenta\u00e7\u00e3o,\u00a0e no dia 28, as diferen\u00e7as salariais. A Conven\u00e7\u00e3o Coletiva de Trabalho (CCT) 2016-2018, assinada na \u00faltima quinta-feira (13) com [&hellip;]<\/p>\n","protected":false},"author":1,"featured_media":0,"comment_status":"","ping_status":"","sticky":false,"template":"","format":"standard","meta":{"footnotes":""},"categories":[3],"tags":[],"class_list":["post-2103","post","type-post","status-publish","format-standard","hentry","category-noticias"],"_links":{"self":[{"href":"https:\/\/hostnetart.com.br\/baixada\/wp-json\/wp\/v2\/posts\/2103","targetHints":{"allow":["GET"]}}],"collection":[{"href":"https:\/\/hostnetart.com.br\/baixada\/wp-json\/wp\/v2\/posts"}],"about":[{"href":"https:\/\/hostnetart.com.br\/baixada\/wp-json\/wp\/v2\/types\/post"}],"author":[{"embeddable":true,"href":"https:\/\/hostnetart.com.br\/baixada\/wp-json\/wp\/v2\/users\/1"}],"replies":[{"embeddable":true,"href":"https:\/\/hostnetart.com.br\/baixada\/wp-json\/wp\/v2\/comments?post=2103"}],"version-history":[{"count":0,"href":"https:\/\/hostnetart.com.br\/baixada\/wp-json\/wp\/v2\/posts\/2103\/revisions"}],"wp:attachment":[{"href":"https:\/\/hostnetart.com.br\/baixada\/wp-json\/wp\/v2\/media?parent=2103"}],"wp:term":[{"taxonomy":"category","embeddable":true,"href":"https:\/\/hostnetart.com.br\/baixada\/wp-json\/wp\/v2\/categories?post=2103"},{"taxonomy":"post_tag","embeddable":true,"href":"https:\/\/hostnetart.com.br\/baixada\/wp-json\/wp\/v2\/tags?post=2103"}],"curies":[{"name":"wp","href":"https:\/\/api.w.org\/{rel}","templated":true}]}}