{"id":2102,"date":"2016-10-20T00:00:00","date_gmt":"2016-10-20T02:00:00","guid":{"rendered":"https:\/\/hostnetart.com.br\/baixada\/santander-paga-diferencas-salariais-abono-e-antecipacao-da-plr-nesta-quinta-20\/"},"modified":"2016-10-20T00:00:00","modified_gmt":"2016-10-20T02:00:00","slug":"santander-paga-diferencas-salariais-abono-e-antecipacao-da-plr-nesta-quinta-20","status":"publish","type":"post","link":"https:\/\/hostnetart.com.br\/baixada\/santander-paga-diferencas-salariais-abono-e-antecipacao-da-plr-nesta-quinta-20\/","title":{"rendered":"Santander paga diferen\u00e7as salariais, abono e antecipa\u00e7\u00e3o da PLR nesta quinta (20)"},"content":{"rendered":"<h2>Banco atende reivindica\u00e7\u00e3o de antecipa\u00e7\u00e3o enviada pela Contraf-CUT e COE volta a negociar minuta espec\u00edfica semana que vem<\/h2>\n<p>O Santander paga\u00a0nesta\u00a0quinta-feira (20) a antecipa\u00e7\u00e3o da Participa\u00e7\u00e3o nos Lucros e Resultados (PLR), diferen\u00e7as salariais, nos vales\u00a0e o abono de R$ 3,5 mil. O banco atende \u00e0s reivindica\u00e7\u00f5es de antecipa\u00e7\u00e3o dos pagamentos enviadas pela Contraf-CUT, Federa\u00e7\u00f5es e Sindicatos nesta semana.<\/p>\n<p>A Conven\u00e7\u00e3o Coletiva de Trabalho (CCT) 2016-2018, assinada nesta quinta-feira (13) com a\u00a0Fenaban, em S\u00e3o Paulo, prev\u00ea 8% de reajuste mais abono de R$3,5 mil, agora em 2016, al\u00e9m de corre\u00e7\u00e3o de 15% no vale-alimenta\u00e7\u00e3o e 10% no vale-refei\u00e7\u00e3o e no aux\u00edlio creche\/bab\u00e1. Para 2017, os banc\u00e1rios asseguraram reposi\u00e7\u00e3o integral da infla\u00e7\u00e3o (INPC\/IBGE) mais 1% de aumento real.<\/p>\n<p>A antecipa\u00e7\u00e3o da PLR corresponde a 54% do sal\u00e1rio reajustado em setembro de 2016, mais fixo de R$ 1.310,12, limitado a R$ 7.028,15 e ao teto de 12,8% do lucro l\u00edquido \u2013 o que ocorrer primeiro.<\/p>\n<p>\u201cAgora que encerramos a campanha nacional esperamos que o Santander destrave a negocia\u00e7\u00e3o do aditivo e apresente uma proposta que fa\u00e7a juz ao trabalho desempenhado por seus funcion\u00e1rios, principais respons\u00e1veis pelo altos lucros que o Banco tem apresentado no Brasil\u201d, ressalta Mario Raia, secret\u00e1rio de Rela\u00e7\u00f5es Internacionais da Contraf-CUT e representante da entidade na COE do Santander.<\/p>\n<p><strong>Minuta volta a ser negociada<\/strong><\/p>\n<p>A COE do Santander volta a se reunir com o banco na quinta-feira (20), \u00e0s 14h30, para negociar os pontos do Acordo Aditivo \u00e0 Conven\u00e7\u00e3o Coletiva de Trabalho (CCT).<\/p>\n<p>As negocia\u00e7\u00f5es tinham sido interrompidas no dia 16 de julho, quando os representantes dos trabalhadores suspenderam os debates devido \u00e0 falta de avan\u00e7os. \u201cNossa pauta espec\u00edfica foi entregue ao banco em 12 de maio. J\u00e1 realizamos seis reuni\u00f5es para tratar das reivindica\u00e7\u00f5es, mas o banco n\u00e3o nos apresentou at\u00e9 o momento nenhuma proposta concreta. Esperamos que no dia 20 haja avan\u00e7os\u201d, disse o secret\u00e1rio de Bancos Privados da Federa\u00e7\u00e3o dos Banc\u00e1rios da CUT de S\u00e3o Paulo (FETEC-CUT\/SP) e membro da COE do Santander, Alberto Gomes Maranho.<\/p>\n<p>A maioria das reivindica\u00e7\u00f5es dos banc\u00e1rios do Santander \u00e9 de cunho social e visam a melhoria das condi\u00e7\u00f5es de trabalho, a revis\u00e3o da pol\u00edtica de metas, o parcelamento do empr\u00e9stimo de f\u00e9rias, mudan\u00e7as nas regras do conv\u00eanio m\u00e9dico e na concess\u00e3o de bolsas de estudo. Tamb\u00e9m est\u00e1 na pauta a contrata\u00e7\u00e3o de mais funcion\u00e1rios e o pedido de direitos similares aos dos funcion\u00e1rios do banco na Espanha, que dificilmente s\u00e3o demitidos.<\/p>\n<p id=\"page-author\">Fonte: Contraf-CUT com FETEC-CUT\/SP<\/p>\n","protected":false},"excerpt":{"rendered":"<p>Banco atende reivindica\u00e7\u00e3o de antecipa\u00e7\u00e3o enviada pela Contraf-CUT e COE volta a negociar minuta espec\u00edfica semana que vem O Santander paga\u00a0nesta\u00a0quinta-feira (20) a antecipa\u00e7\u00e3o da Participa\u00e7\u00e3o nos Lucros e Resultados (PLR), diferen\u00e7as salariais, nos vales\u00a0e o abono de R$ 3,5 mil. O banco atende \u00e0s reivindica\u00e7\u00f5es de antecipa\u00e7\u00e3o dos pagamentos enviadas pela Contraf-CUT, Federa\u00e7\u00f5es e [&hellip;]<\/p>\n","protected":false},"author":1,"featured_media":0,"comment_status":"","ping_status":"","sticky":false,"template":"","format":"standard","meta":{"footnotes":""},"categories":[3],"tags":[],"class_list":["post-2102","post","type-post","status-publish","format-standard","hentry","category-noticias"],"_links":{"self":[{"href":"https:\/\/hostnetart.com.br\/baixada\/wp-json\/wp\/v2\/posts\/2102","targetHints":{"allow":["GET"]}}],"collection":[{"href":"https:\/\/hostnetart.com.br\/baixada\/wp-json\/wp\/v2\/posts"}],"about":[{"href":"https:\/\/hostnetart.com.br\/baixada\/wp-json\/wp\/v2\/types\/post"}],"author":[{"embeddable":true,"href":"https:\/\/hostnetart.com.br\/baixada\/wp-json\/wp\/v2\/users\/1"}],"replies":[{"embeddable":true,"href":"https:\/\/hostnetart.com.br\/baixada\/wp-json\/wp\/v2\/comments?post=2102"}],"version-history":[{"count":0,"href":"https:\/\/hostnetart.com.br\/baixada\/wp-json\/wp\/v2\/posts\/2102\/revisions"}],"wp:attachment":[{"href":"https:\/\/hostnetart.com.br\/baixada\/wp-json\/wp\/v2\/media?parent=2102"}],"wp:term":[{"taxonomy":"category","embeddable":true,"href":"https:\/\/hostnetart.com.br\/baixada\/wp-json\/wp\/v2\/categories?post=2102"},{"taxonomy":"post_tag","embeddable":true,"href":"https:\/\/hostnetart.com.br\/baixada\/wp-json\/wp\/v2\/tags?post=2102"}],"curies":[{"name":"wp","href":"https:\/\/api.w.org\/{rel}","templated":true}]}}