{"id":2098,"date":"2016-10-14T00:00:00","date_gmt":"2016-10-14T03:00:00","guid":{"rendered":"https:\/\/hostnetart.com.br\/baixada\/fhc-le-cartilha-da-cut-e-fica-bravo\/"},"modified":"2016-10-14T00:00:00","modified_gmt":"2016-10-14T03:00:00","slug":"fhc-le-cartilha-da-cut-e-fica-bravo","status":"publish","type":"post","link":"https:\/\/hostnetart.com.br\/baixada\/fhc-le-cartilha-da-cut-e-fica-bravo\/","title":{"rendered":"FHC l\u00ea cartilha da CUT e fica bravo"},"content":{"rendered":"<p>Publica\u00e7\u00e3o contra a reforma da Previd\u00eancia cita que o ex-presidente se aposentou cedinho. Ouvido pelo \u201cGlobo\u201d, tucano reclama<\/p>\n<p>A cartilha que a CUT divulgou na \u00faltima segunda-feira, com dados e propostas contra a reforma da Previd\u00eancia, foi lida pelo jornal \u201cO Globo\u201d e pelo ex-presidente FHC, que ficaram especialmente impressionados com o trecho a seguir, contido na cartilha: \u201cMichel Temer, que se aposentou aos 55 anos e recebe R$ 33 mil por m\u00eas, al\u00e9m do sal\u00e1rio de presidente e outras mordomias, e FHC, que se aposentou aos 37 anos, depois de trabalhar s\u00f3 12 anos como professor\u201d.<\/p>\n<p>A frase faz parte de um cap\u00edtulo que discute se \u00e9 verdade ou n\u00e3o que o brasileiro e a brasileira se aposentam cedo demais. A conclus\u00e3o, com base em comparativos com outros pa\u00edses, \u00e9 que n\u00e3o, n\u00e3o nos aposentamos cedo demais.<\/p>\n<p>Por\u00e9m, citamos que h\u00e1 uma casta de privilegiados, entre os quais figuras conhecidas da pol\u00edtica que defendem uma reforma que retire direitos, como FHC e Temer.<\/p>\n<p>Procurado pelo Globo, FHC retrucou, na edi\u00e7\u00e3o desta segunda-feira: \u201cEu n\u00e3o me aposentei, fui aposentado pelo AI-5 do regime autorit\u00e1rio. \u00c0quela idade eu j\u00e1 tinha doutorado, c\u00e1tedra de Ci\u00eancia Pol\u00edtica na USP por concurso, e havia sido professor na Universidade de Paris. A aposentadoria n\u00e3o foi benesse, mas uma frustra\u00e7\u00e3o em minha carreira acad\u00eamica\u201d.<\/p>\n<p>Daqui de nossa parte, fica a pergunta: a aposentadoria de um trabalhador ou uma trabalhadora comum, sem c\u00e1tedra, seria portanto \u201cbenesse\u201d, professor? Lembrando que FHC chamou genericamente os aposentados de \u201cvagabundos\u201d, na \u00e9poca que era presidente.<\/p>\n<p>De fato, diversos professores universit\u00e1rios, com vis\u00e3o progressista \u00e0 \u00e9poca, foram aposentados compulsoriamente \u00e0 \u00e9poca do AI-5. N\u00e3o se pode esquecer, no entanto, que o regime foi muito mais duro com outros setores, como estudantes e trabalhadores comuns que, quando n\u00e3o torturtados e mortos, perdiam seus empregos sem receber aposentadoria.<\/p>\n<p>Fonte: CUT<\/p>\n","protected":false},"excerpt":{"rendered":"<p>Publica\u00e7\u00e3o contra a reforma da Previd\u00eancia cita que o ex-presidente se aposentou cedinho. Ouvido pelo \u201cGlobo\u201d, tucano reclama A cartilha que a CUT divulgou na \u00faltima segunda-feira, com dados e propostas contra a reforma da Previd\u00eancia, foi lida pelo jornal \u201cO Globo\u201d e pelo ex-presidente FHC, que ficaram especialmente impressionados com o trecho a seguir, [&hellip;]<\/p>\n","protected":false},"author":1,"featured_media":2097,"comment_status":"","ping_status":"","sticky":false,"template":"","format":"standard","meta":{"footnotes":""},"categories":[3],"tags":[],"class_list":["post-2098","post","type-post","status-publish","format-standard","has-post-thumbnail","hentry","category-noticias"],"_links":{"self":[{"href":"https:\/\/hostnetart.com.br\/baixada\/wp-json\/wp\/v2\/posts\/2098","targetHints":{"allow":["GET"]}}],"collection":[{"href":"https:\/\/hostnetart.com.br\/baixada\/wp-json\/wp\/v2\/posts"}],"about":[{"href":"https:\/\/hostnetart.com.br\/baixada\/wp-json\/wp\/v2\/types\/post"}],"author":[{"embeddable":true,"href":"https:\/\/hostnetart.com.br\/baixada\/wp-json\/wp\/v2\/users\/1"}],"replies":[{"embeddable":true,"href":"https:\/\/hostnetart.com.br\/baixada\/wp-json\/wp\/v2\/comments?post=2098"}],"version-history":[{"count":0,"href":"https:\/\/hostnetart.com.br\/baixada\/wp-json\/wp\/v2\/posts\/2098\/revisions"}],"wp:featuredmedia":[{"embeddable":true,"href":"https:\/\/hostnetart.com.br\/baixada\/wp-json\/wp\/v2\/media\/2097"}],"wp:attachment":[{"href":"https:\/\/hostnetart.com.br\/baixada\/wp-json\/wp\/v2\/media?parent=2098"}],"wp:term":[{"taxonomy":"category","embeddable":true,"href":"https:\/\/hostnetart.com.br\/baixada\/wp-json\/wp\/v2\/categories?post=2098"},{"taxonomy":"post_tag","embeddable":true,"href":"https:\/\/hostnetart.com.br\/baixada\/wp-json\/wp\/v2\/tags?post=2098"}],"curies":[{"name":"wp","href":"https:\/\/api.w.org\/{rel}","templated":true}]}}