{"id":2096,"date":"2016-10-14T00:00:00","date_gmt":"2016-10-14T03:00:00","guid":{"rendered":"https:\/\/hostnetart.com.br\/baixada\/artigo-de-roberto-von-der-osten-so-a-luta-te-garante\/"},"modified":"2016-10-14T00:00:00","modified_gmt":"2016-10-14T03:00:00","slug":"artigo-de-roberto-von-der-osten-so-a-luta-te-garante","status":"publish","type":"post","link":"https:\/\/hostnetart.com.br\/baixada\/artigo-de-roberto-von-der-osten-so-a-luta-te-garante\/","title":{"rendered":"Artigo de Roberto von der Osten: S\u00f3 a luta te garante!"},"content":{"rendered":"<p>S\u00f3 a luta te garante!<\/p>\n<p>Nunca uma frase disse tanto sobre a conjuntura e sobre a vida!<\/p>\n<p>Come\u00e7amos a Campanha Nacional deste ano num cen\u00e1rio de crise econ\u00f4mica, de instabilidade pol\u00edtica, de violentos ataques aos trabalhadores e em plena efervesc\u00eancia do processo de impeachment da presidenta Dilma. Apesar desta conjuntura desestimuladora, sab\u00edamos estar iniciando uma negocia\u00e7\u00e3o com o setor que mais lucra na economia do pa\u00eds. N\u00e3o deveriam ter problemas de ordem financeira para atender nossas reivindica\u00e7\u00f5es. Entretanto, escaldados pela campanha de 2015, antev\u00edamos confus\u00e3o. A cuidadosa escolha da imagem e do mote da campanha dialogaram com a delicadeza da rosa vermelha para lembrar as discrimina\u00e7\u00f5es que as pessoas sofrem nos bancos. A constru\u00e7\u00e3o da figura da rosa somou os s\u00edmbolos da igualdade, resist\u00eancia, luta e toler\u00e2ncia.<\/p>\n<p>Como mote adotamos a frase \u201cS\u00f3 a luta te garante!\u201d, lembrando que n\u00e3o adianta ficar passivo no local de trabalho sem envolvimento na greve. A demiss\u00e3o, o ass\u00e9dio moral, o adoecimento, as discrimina\u00e7\u00f5es e a explora\u00e7\u00e3o atingem principalmente as pessoas que n\u00e3o se defendem. Foram escolhas muito felizes. No aspecto da organiza\u00e7\u00e3o, cumprimos todos os rituais de nossa campanha. A consulta nacional, os debates nos sindicatos, as confer\u00eancias regionais e a Confer\u00eancia Nacional. Entregamos nossa Minuta de Reivindica\u00e7\u00f5es aos banqueiros no dia 9 de agosto e iniciamos as negocia\u00e7\u00f5es em 18 e 19 de agosto.<\/p>\n<p>Rapidamente percebemos que os banqueiros pretendiam impor uma derrota exemplar para os banc\u00e1rios. Ap\u00f3s infrut\u00edferas rodadas de negocia\u00e7\u00e3o, os banqueiros s\u00f3 foram capazes de nos apresentar uma proposta de reajuste de sal\u00e1rios de 6,5%, feita no dia 29 de agosto, diante de uma infla\u00e7\u00e3o de 9,62%. No dia seguinte a esta proposta a presidenta Dilma foi impedida, assumindo a presid\u00eancia o seu vice, Temer. As coisas ficavam mais claras.<\/p>\n<p>O Comando Nacional dos Banc\u00e1rios avaliou que esta proposta insuficiente estava seguramente vinculada \u00e0 mudan\u00e7a de dire\u00e7\u00e3o do governo, afinal o presidente que assumia nunca escondeu seus objetivos de atacar direitos fundamentais dos trabalhadores. A coordena\u00e7\u00e3o do Comando comunicou aos banqueiros que levaria a proposta \u00e0s assembleias de avalia\u00e7\u00e3o, mas que defenderia a sua recusa. Nada disso alterou a posi\u00e7\u00e3o intransigente dos bancos.<\/p>\n<p>As assembleias decidiram por quase unanimidade que a gente entraria em greve a partir do dia 6 de setembro. Isto de cara era um desafio. Ser\u00edamos a primeira grande categoria a entrar em greve ap\u00f3s a posse de um governo golpista, privatista e neoliberal.<\/p>\n<p>Tudo apontava para um feroz enfrentamento. De um lado os banc\u00e1rios, uma categoria de grande mobiliza\u00e7\u00e3o, articulados em uma unidade nacional de grande poder de a\u00e7\u00e3o. De outro os banqueiros, o segmento mais poderoso da economia e os organizadores da linha macroecon\u00f4mica do governo. Foram os escalados para dar uma demonstra\u00e7\u00e3o de for\u00e7a para o movimento sindical, mostrando que os tempos mudaram e que agora o jogo \u00e9 bruto. Iniciamos a mais longa greve da categoria, que ligeiro adquiriu uma for\u00e7a que surpreendeu os banqueiros. Diferente do que tinham projetado, tiveram de ir mudando suas ofertas e retomando as negocia\u00e7\u00f5es interrompidas para desestabilizar o movimento.<\/p>\n<p>Desde o primeiro dia da greve os nossos dirigentes assumiram o protagonismo do enfrentamento. Resolveram que era preciso resistir. N\u00e3o aceitaram a derrota que os banqueiros queriam impor.<\/p>\n<p>Surpreendentemente animados, com bom humor e coragem, a greve cresceu. Come\u00e7amos com a ades\u00e3o de 7.359 ag\u00eancias e no 14\u00ba dia j\u00e1 est\u00e1vamos com mais de 13 mil ag\u00eancias e 36 centros administrativos paralisados, n\u00famero superior ao 21\u00b0 dia da greve de 2015. Os banc\u00e1rios e banc\u00e1rias da base, que n\u00e3o haviam entendido as lutas dos sindicatos desde o in\u00edcio do ano em defesa da democracia e de nossos direitos, come\u00e7aram a se reaproximar por entenderem que coisa pior estava por tr\u00e1s da dureza dos banqueiros. Sentiram confian\u00e7a e que estavam bem representados. Isto estimulou e redobrou a coragem dos dirigentes sindicais.<\/p>\n<p>O Comando Nacional, por sua vez, conseguiu rapidamente decodificar, ter clareza e serenidade para tomar as decis\u00f5es corretas em meio aos diferentes caminhos e escolhas que se apresentaram no processo das negocia\u00e7\u00f5es. Foram 31 dias de lutas, de ansiedade e de muita for\u00e7a de vontade at\u00e9 a assembleia que aceitou a proposta que conquistamos dos bancos. \u00c9 bem verdade que n\u00e3o conseguimos a reposi\u00e7\u00e3o de infla\u00e7\u00e3o, mas conseguimos algo muito maior, a oportunidade de politiza\u00e7\u00e3o e o respeito da categoria que representamos. Se o acordo n\u00e3o \u00e9 o dos nossos sonhos, est\u00e1 longe tamb\u00e9m de ser a derrota que os banqueiros desejavam nos impor.<\/p>\n<p>Inauguramos uma nova era nas nossas negocia\u00e7\u00f5es com o acordo in\u00e9dito de dois anos. Um novo momento se apresenta para o movimento sindical banc\u00e1rio brasileiro. Chegou a hora de provar que a nossa luta n\u00e3o \u00e9 s\u00f3 por \u00edndice de reajuste. Vamos nos organizar mais e defender as pautas que tamb\u00e9m s\u00e3o fundamentais, para al\u00e9m da remunera\u00e7\u00e3o. O tiro dos banqueiros saiu pela culatra. A conquista do abono dos dias parados coroou a campanha e calou os que duvidavam da nossa capacidade de luta na conjuntura adversa. Prevista para ser utilizada como puni\u00e7\u00e3o para todos os trabalhadores e seus sindicatos, foi derrotada pela nossa tenacidade.<\/p>\n<p>Agora \u00e9 a oportunidade de render homenagens aos dirigentes sindicais que tiveram a capacidade de dobrar os banqueiros e sair vitoriosos da primeira grande greve, num momento de virada na correla\u00e7\u00e3o de for\u00e7as e na luta de classes. Cada sindicato participou orgulhosamente e todos os dias mandaram para a Contraf suas fotos, suas conquistas e suas ousadias. N\u00e3o ficaram na defensiva. Mas temos que parabenizar principalmente a categoria banc\u00e1ria, esta categoria orgulhosa da sua mobiliza\u00e7\u00e3o e da sua unidade. Cada banc\u00e1rio e cada banc\u00e1ria, por todo o Brasil, em todas as cidades, estiveram disciplinadamente, pacificamente e convictos na frente de uma ag\u00eancia ou centro administrativo conversando com os companheiros de trabalho, animando, encorajando, convencendo, dizendo que coragem n\u00e3o \u00e9 n\u00e3o ter medo. \u00c9 dominar o medo. Foram dias e dias de paci\u00eancia e de f\u00e9 verdadeiras.<\/p>\n<p>Outras categorias imediatamente homenagearam nossa Campanha Nacional pela coragem e pelo resultado. Diversos textos de an\u00e1lise acad\u00eamica relataram o ineditismo da campanha e a magnitude da nossa resist\u00eancia.<\/p>\n<p>Se o governo e os banqueiros pretendiam nos derrotar e fazer da nossa derrota um aviso para todas as outras categorias, n\u00e3o deu certo. Pelo contr\u00e1rio, mostramos que \u00e9 poss\u00edvel lutar contra eles. Mostramos que com mobiliza\u00e7\u00e3o, com a unidade e com a capacidade de negocia\u00e7\u00e3o dos trabalhadores podemos garantir direitos e avan\u00e7ar, mesmo nas condi\u00e7\u00f5es mais imprevis\u00edveis. Somos um exemplo de luta, de criatividade e de resist\u00eancia.<\/p>\n<p>S\u00f3 a luta te garante!<\/p>\n<p>Roberto von der Osten \u00e9 presidente da Contraf-CUT e um dos coordenadores do Comando Nacional dos Banc\u00e1rios.<\/p>\n<p>Fonte: CUT<\/p>\n","protected":false},"excerpt":{"rendered":"<p>S\u00f3 a luta te garante! Nunca uma frase disse tanto sobre a conjuntura e sobre a vida! Come\u00e7amos a Campanha Nacional deste ano num cen\u00e1rio de crise econ\u00f4mica, de instabilidade pol\u00edtica, de violentos ataques aos trabalhadores e em plena efervesc\u00eancia do processo de impeachment da presidenta Dilma. Apesar desta conjuntura desestimuladora, sab\u00edamos estar iniciando uma [&hellip;]<\/p>\n","protected":false},"author":1,"featured_media":2095,"comment_status":"","ping_status":"","sticky":false,"template":"","format":"standard","meta":{"footnotes":""},"categories":[3],"tags":[],"class_list":["post-2096","post","type-post","status-publish","format-standard","has-post-thumbnail","hentry","category-noticias"],"_links":{"self":[{"href":"https:\/\/hostnetart.com.br\/baixada\/wp-json\/wp\/v2\/posts\/2096","targetHints":{"allow":["GET"]}}],"collection":[{"href":"https:\/\/hostnetart.com.br\/baixada\/wp-json\/wp\/v2\/posts"}],"about":[{"href":"https:\/\/hostnetart.com.br\/baixada\/wp-json\/wp\/v2\/types\/post"}],"author":[{"embeddable":true,"href":"https:\/\/hostnetart.com.br\/baixada\/wp-json\/wp\/v2\/users\/1"}],"replies":[{"embeddable":true,"href":"https:\/\/hostnetart.com.br\/baixada\/wp-json\/wp\/v2\/comments?post=2096"}],"version-history":[{"count":0,"href":"https:\/\/hostnetart.com.br\/baixada\/wp-json\/wp\/v2\/posts\/2096\/revisions"}],"wp:featuredmedia":[{"embeddable":true,"href":"https:\/\/hostnetart.com.br\/baixada\/wp-json\/wp\/v2\/media\/2095"}],"wp:attachment":[{"href":"https:\/\/hostnetart.com.br\/baixada\/wp-json\/wp\/v2\/media?parent=2096"}],"wp:term":[{"taxonomy":"category","embeddable":true,"href":"https:\/\/hostnetart.com.br\/baixada\/wp-json\/wp\/v2\/categories?post=2096"},{"taxonomy":"post_tag","embeddable":true,"href":"https:\/\/hostnetart.com.br\/baixada\/wp-json\/wp\/v2\/tags?post=2096"}],"curies":[{"name":"wp","href":"https:\/\/api.w.org\/{rel}","templated":true}]}}