{"id":2090,"date":"2016-08-31T00:00:00","date_gmt":"2016-08-31T03:00:00","guid":{"rendered":"https:\/\/hostnetart.com.br\/baixada\/cut-33-anos-segue-fundamental-a-democracia\/"},"modified":"2016-08-31T00:00:00","modified_gmt":"2016-08-31T03:00:00","slug":"cut-33-anos-segue-fundamental-a-democracia","status":"publish","type":"post","link":"https:\/\/hostnetart.com.br\/baixada\/cut-33-anos-segue-fundamental-a-democracia\/","title":{"rendered":"CUT, 33 anos, segue fundamental \u00e0 democracia"},"content":{"rendered":"<p>Presidente da Central, Vagner Freitas, ressalta que maior organiza\u00e7\u00e3o sindical do Pa\u00eds permanece com a miss\u00e3o de comandar a luta pela liberdade e o emprego<\/p>\n<p>Da mesma forma que em agosto de 1983, a CUT t\u00eam como grande desafio a defesa da democracia e dos direitos da classe trabalhadora. Uma an\u00e1lise r\u00e1pida das tr\u00eas d\u00e9cadas que a Central completa neste domingo (28) deixa claro como a maior organiza\u00e7\u00e3o sindical do Pa\u00eds foi fundamental para que a carteira assinada ainda existisse.<\/p>\n<p>At\u00e9 o in\u00edcio dos anos 2000, governo ap\u00f3s governo amea\u00e7aram a CLT, as f\u00e9rias, o fundo de garantia, a aposentadoria em nome das contas p\u00fablicas. Foi um ex-metal\u00fargico, um dos fundadores da Central quem rompeu com essa l\u00f3gica e levou o Brasil \u00e0 quinta maior economia do mundo.<\/p>\n<p>Foi a partir da iniciativa da CUT que o ex-presidente Luiz In\u00e1cio Lula da Silva implementou a pol\u00edtica de valoriza\u00e7\u00e3o do sal\u00e1rio m\u00ednimo, resultado de uma organiza\u00e7\u00e3o que combateu a ditadura, saiu em defesa da liberdade e de melhores condi\u00e7\u00f5es de trabalho e vida e que jamais deixou de ter propostas e de defender a classe trabalhadora.<\/p>\n<p>Para o presidente Vagner Freitas, a import\u00e2ncia da Central vai al\u00e9m do ambiente trabalhista e exige capacidade de mobiliza\u00e7\u00e3o em defesa da liberdade, do emprego e das melhores condi\u00e7\u00f5es de vida da classe trabalhadora.<\/p>\n<p>Fonte: CUT Nacional<\/p>\n","protected":false},"excerpt":{"rendered":"<p>Presidente da Central, Vagner Freitas, ressalta que maior organiza\u00e7\u00e3o sindical do Pa\u00eds permanece com a miss\u00e3o de comandar a luta pela liberdade e o emprego Da mesma forma que em agosto de 1983, a CUT t\u00eam como grande desafio a defesa da democracia e dos direitos da classe trabalhadora. Uma an\u00e1lise r\u00e1pida das tr\u00eas d\u00e9cadas [&hellip;]<\/p>\n","protected":false},"author":1,"featured_media":2089,"comment_status":"","ping_status":"","sticky":false,"template":"","format":"standard","meta":{"footnotes":""},"categories":[3],"tags":[],"class_list":["post-2090","post","type-post","status-publish","format-standard","has-post-thumbnail","hentry","category-noticias"],"_links":{"self":[{"href":"https:\/\/hostnetart.com.br\/baixada\/wp-json\/wp\/v2\/posts\/2090","targetHints":{"allow":["GET"]}}],"collection":[{"href":"https:\/\/hostnetart.com.br\/baixada\/wp-json\/wp\/v2\/posts"}],"about":[{"href":"https:\/\/hostnetart.com.br\/baixada\/wp-json\/wp\/v2\/types\/post"}],"author":[{"embeddable":true,"href":"https:\/\/hostnetart.com.br\/baixada\/wp-json\/wp\/v2\/users\/1"}],"replies":[{"embeddable":true,"href":"https:\/\/hostnetart.com.br\/baixada\/wp-json\/wp\/v2\/comments?post=2090"}],"version-history":[{"count":0,"href":"https:\/\/hostnetart.com.br\/baixada\/wp-json\/wp\/v2\/posts\/2090\/revisions"}],"wp:featuredmedia":[{"embeddable":true,"href":"https:\/\/hostnetart.com.br\/baixada\/wp-json\/wp\/v2\/media\/2089"}],"wp:attachment":[{"href":"https:\/\/hostnetart.com.br\/baixada\/wp-json\/wp\/v2\/media?parent=2090"}],"wp:term":[{"taxonomy":"category","embeddable":true,"href":"https:\/\/hostnetart.com.br\/baixada\/wp-json\/wp\/v2\/categories?post=2090"},{"taxonomy":"post_tag","embeddable":true,"href":"https:\/\/hostnetart.com.br\/baixada\/wp-json\/wp\/v2\/tags?post=2090"}],"curies":[{"name":"wp","href":"https:\/\/api.w.org\/{rel}","templated":true}]}}