{"id":2088,"date":"2016-08-31T00:00:00","date_gmt":"2016-08-31T03:00:00","guid":{"rendered":"https:\/\/hostnetart.com.br\/baixada\/edital-assembleia-geral-extraordinaria-2\/"},"modified":"2016-08-31T00:00:00","modified_gmt":"2016-08-31T03:00:00","slug":"edital-assembleia-geral-extraordinaria-2","status":"publish","type":"post","link":"https:\/\/hostnetart.com.br\/baixada\/edital-assembleia-geral-extraordinaria-2\/","title":{"rendered":"EDITAL ASSEMBLEIA GERAL EXTRAORDIN\u00c1RIA"},"content":{"rendered":"<p>Sindicato dos Empregados em Estabelecimentos Banc\u00e1rios da Baixada\u00a0 Fluminense , inscrito no CNPJ\/MF sob o n\u00ba 28750016000130 , Registro sindical n\u00ba 117878260 por seus coordenadores \u00a0abaixo assinado, convoca todos os empregados em estabelecimentos banc\u00e1rios dos bancos p\u00fablicos e privados, s\u00f3cios e n\u00e3o s\u00f3cios, da base territorial deste sindicato, para a assembleia geral extraordin\u00e1ria\u00a0\u00a0 que se\u00a0\u00a0 realizar\u00e1 no dia 02\/09\/2016, \u00e0s 18:00 .h, em primeira convoca\u00e7\u00e3o, e \u00e0s 18:30. h, em segunda convoca\u00e7\u00e3o, no endere\u00e7o \u00e0 Rua Professor Henrique Ferreira Gomes \u00a0n\u00ba 179 Centro Duque de Caxias RJ , para discuss\u00e3o e delibera\u00e7\u00e3o acerca da seguinte ordem do dia:<\/p>\n<p>\u00a0<\/p>\n<ol>\n<li>Avalia\u00e7\u00e3o e delibera\u00e7\u00e3o sobre contraproposta apresentada pela FENABAN na reuni\u00e3o de 29\/08\/2016, \u00e0 pauta de reivindica\u00e7\u00f5es entregue em 09\/08\/2016;<\/li>\n<\/ol>\n<p>\u00a0<\/p>\n<p>\u00a0\u00a0\u00a0\u00a0 2. Delibera\u00e7\u00e3o acerca de paralisa\u00e7\u00e3o das atividades por prazo indeterminado a partir da 00h00 do dia 06\/09\/2016;<\/p>\n<p>Duque de Caxias\u00a0\u00a0 30 de agosto de 2016.<\/p>\n<p><strong>Coordena\u00e7\u00e3o\u00a0 :<\/strong><\/p>\n<p><strong>Alcyon Vicente<\/strong><\/p>\n<p><strong>Jos\u00e9 Laercio<\/strong><\/p>\n<p><strong>Pedro Batista\u00a0<\/strong><\/p>\n","protected":false},"excerpt":{"rendered":"<p>Sindicato dos Empregados em Estabelecimentos Banc\u00e1rios da Baixada\u00a0 Fluminense , inscrito no CNPJ\/MF sob o n\u00ba 28750016000130 , Registro sindical n\u00ba 117878260 por seus coordenadores \u00a0abaixo assinado, convoca todos os empregados em estabelecimentos banc\u00e1rios dos bancos p\u00fablicos e privados, s\u00f3cios e n\u00e3o s\u00f3cios, da base territorial deste sindicato, para a assembleia geral extraordin\u00e1ria\u00a0\u00a0 que se\u00a0\u00a0 [&hellip;]<\/p>\n","protected":false},"author":1,"featured_media":2087,"comment_status":"","ping_status":"","sticky":false,"template":"","format":"standard","meta":{"footnotes":""},"categories":[3],"tags":[],"class_list":["post-2088","post","type-post","status-publish","format-standard","has-post-thumbnail","hentry","category-noticias"],"_links":{"self":[{"href":"https:\/\/hostnetart.com.br\/baixada\/wp-json\/wp\/v2\/posts\/2088","targetHints":{"allow":["GET"]}}],"collection":[{"href":"https:\/\/hostnetart.com.br\/baixada\/wp-json\/wp\/v2\/posts"}],"about":[{"href":"https:\/\/hostnetart.com.br\/baixada\/wp-json\/wp\/v2\/types\/post"}],"author":[{"embeddable":true,"href":"https:\/\/hostnetart.com.br\/baixada\/wp-json\/wp\/v2\/users\/1"}],"replies":[{"embeddable":true,"href":"https:\/\/hostnetart.com.br\/baixada\/wp-json\/wp\/v2\/comments?post=2088"}],"version-history":[{"count":0,"href":"https:\/\/hostnetart.com.br\/baixada\/wp-json\/wp\/v2\/posts\/2088\/revisions"}],"wp:featuredmedia":[{"embeddable":true,"href":"https:\/\/hostnetart.com.br\/baixada\/wp-json\/wp\/v2\/media\/2087"}],"wp:attachment":[{"href":"https:\/\/hostnetart.com.br\/baixada\/wp-json\/wp\/v2\/media?parent=2088"}],"wp:term":[{"taxonomy":"category","embeddable":true,"href":"https:\/\/hostnetart.com.br\/baixada\/wp-json\/wp\/v2\/categories?post=2088"},{"taxonomy":"post_tag","embeddable":true,"href":"https:\/\/hostnetart.com.br\/baixada\/wp-json\/wp\/v2\/tags?post=2088"}],"curies":[{"name":"wp","href":"https:\/\/api.w.org\/{rel}","templated":true}]}}