{"id":2084,"date":"2016-08-24T00:00:00","date_gmt":"2016-08-24T03:00:00","guid":{"rendered":"https:\/\/hostnetart.com.br\/baixada\/contraf-cut-pede-providencias-ao-presidente-do-bb-sobre-denuncias-de-interferencia-da-estrutura-banco-na-eleicao-da-previ\/"},"modified":"2016-08-24T00:00:00","modified_gmt":"2016-08-24T03:00:00","slug":"contraf-cut-pede-providencias-ao-presidente-do-bb-sobre-denuncias-de-interferencia-da-estrutura-banco-na-eleicao-da-previ","status":"publish","type":"post","link":"https:\/\/hostnetart.com.br\/baixada\/contraf-cut-pede-providencias-ao-presidente-do-bb-sobre-denuncias-de-interferencia-da-estrutura-banco-na-eleicao-da-previ\/","title":{"rendered":"Contraf-CUT pede provid\u00eancias ao presidente do BB sobre den\u00fancias de interfer\u00eancia da estrutura banco na elei\u00e7\u00e3o da Previ"},"content":{"rendered":"<p>Associados v\u00e3o eleger novo diretor de Planejamento<\/p>\n<p>A Contraf-CUT enviou carta ao presidente do BB, Paulo Cafarelli, nesta ter\u00e7a-feira (23), solicitando provid\u00eancias com rela\u00e7\u00e3o a den\u00fancias que chegaram aos sindicatos sobre interfer\u00eancias indevidas de agentes da estrutura do banco no processo eleitoral para a diretoria de Planejamento da Previ. As den\u00fancias apontam a utiliza\u00e7\u00e3o de recursos humanos, f\u00edsicos e tecnol\u00f3gicos do Banco do Brasil para indicar o voto no candidato Zeca, que poucas semanas atr\u00e1s era diretor respons\u00e1vel pelas metas das \u00e1reas de neg\u00f3cios do banco.<\/p>\n<p>Roberto von der Osten, presidente da Contraf-CUT e Juvandia Moreira, presidente do Sindicato dos Banc\u00e1rios de S\u00e3o Paulo e vice-presidente da Contraf afirmam na mensagem que utilizar a estrutura de uma empresa p\u00fablica a favor de determinado candidato \u00e9 conden\u00e1vel e interfere no resultado eleitoral e destacam que \u201cA pr\u00e1tica denunciada macula o processo democr\u00e1tico de escolha do representante dos funcion\u00e1rios para a diretoria da Previ e n\u00e3o faz jus \u00e0 tradi\u00e7\u00e3o do funcionalismo do BB, que sempre primou pela livre participa\u00e7\u00e3o e pela manifesta\u00e7\u00e3o democr\u00e1tica de vontade em processos de escolha como este.\u201c<\/p>\n<p>Elei\u00e7\u00e3o acontece de 26 de agosto a 15 de setembro<\/p>\n<p>Os associados da Previ elegem um novo diretor de Planejamento em virtude da ren\u00fancia do antigo diretor eleito. A Contraf-CUT e as entidades representativas apoiam Marcio de Souza 7, por seu compromisso com os associados e independ\u00eancia da dire\u00e7\u00e3o do banco. M\u00e1rcio trabalha h\u00e1 doze anos na Previ, atualmente \u00e9 gerente executivo de Benef\u00edcios da entidade.<\/p>\n<p>A elei\u00e7\u00e3o acontece de 26 de agosto a 15 de setembro, associados da ativa votam pelo SISBB. Aposentados e pensionistas votam pelo site da Previ ou pelo telefone 0800-729-0808.<\/p>\n<p>Fonte: Contraf-cUT<\/p>\n","protected":false},"excerpt":{"rendered":"<p>Associados v\u00e3o eleger novo diretor de Planejamento A Contraf-CUT enviou carta ao presidente do BB, Paulo Cafarelli, nesta ter\u00e7a-feira (23), solicitando provid\u00eancias com rela\u00e7\u00e3o a den\u00fancias que chegaram aos sindicatos sobre interfer\u00eancias indevidas de agentes da estrutura do banco no processo eleitoral para a diretoria de Planejamento da Previ. As den\u00fancias apontam a utiliza\u00e7\u00e3o de [&hellip;]<\/p>\n","protected":false},"author":1,"featured_media":0,"comment_status":"","ping_status":"","sticky":false,"template":"","format":"standard","meta":{"footnotes":""},"categories":[3],"tags":[],"class_list":["post-2084","post","type-post","status-publish","format-standard","hentry","category-noticias"],"_links":{"self":[{"href":"https:\/\/hostnetart.com.br\/baixada\/wp-json\/wp\/v2\/posts\/2084","targetHints":{"allow":["GET"]}}],"collection":[{"href":"https:\/\/hostnetart.com.br\/baixada\/wp-json\/wp\/v2\/posts"}],"about":[{"href":"https:\/\/hostnetart.com.br\/baixada\/wp-json\/wp\/v2\/types\/post"}],"author":[{"embeddable":true,"href":"https:\/\/hostnetart.com.br\/baixada\/wp-json\/wp\/v2\/users\/1"}],"replies":[{"embeddable":true,"href":"https:\/\/hostnetart.com.br\/baixada\/wp-json\/wp\/v2\/comments?post=2084"}],"version-history":[{"count":0,"href":"https:\/\/hostnetart.com.br\/baixada\/wp-json\/wp\/v2\/posts\/2084\/revisions"}],"wp:attachment":[{"href":"https:\/\/hostnetart.com.br\/baixada\/wp-json\/wp\/v2\/media?parent=2084"}],"wp:term":[{"taxonomy":"category","embeddable":true,"href":"https:\/\/hostnetart.com.br\/baixada\/wp-json\/wp\/v2\/categories?post=2084"},{"taxonomy":"post_tag","embeddable":true,"href":"https:\/\/hostnetart.com.br\/baixada\/wp-json\/wp\/v2\/tags?post=2084"}],"curies":[{"name":"wp","href":"https:\/\/api.w.org\/{rel}","templated":true}]}}