{"id":2079,"date":"2016-08-22T00:00:00","date_gmt":"2016-08-22T03:00:00","guid":{"rendered":"https:\/\/hostnetart.com.br\/baixada\/chegou-a-hora-festa-do-bancari-na-area\/"},"modified":"2016-08-22T00:00:00","modified_gmt":"2016-08-22T03:00:00","slug":"chegou-a-hora-festa-do-bancari-na-area","status":"publish","type":"post","link":"https:\/\/hostnetart.com.br\/baixada\/chegou-a-hora-festa-do-bancari-na-area\/","title":{"rendered":"CHEGOU A HORA! FESTA DO BANC\u00c1RI@ NA \u00c0REA!"},"content":{"rendered":"<p>Dia 27 de agosto, sabad\u00e3o, vai rolar a tradicional FESTA DO BANC\u00c1RIO, aberta a todos os banc\u00e1rios e seus depedentes.<\/p>\n<p>No S\u00edtio Mazaropi, Av. dos Coqueiros, 375 \u2013 Santa Cruz da Serra Rodovia Washington Luiz \u2013 Duque de Caxias. (Sa\u00edda 106 da Washington Luiz \u2013 pr\u00f3ximo a Pra\u00e7a do Codora).<\/p>\n<p>A festa vai contar com muitos pr\u00eamios, com a Banda FLAP E BANDA e a participa\u00e7\u00e3o especial da Bateria Nota 10 da ACAD\u00caMICOS DA GRANDE RIO!<\/p>\n<p>\u00a0<\/p>\n<p>O Sindicato disponibilizar\u00e1 dois \u00f4nibus, um na sede do Sindicato em Duque de Caxias e outro na sub-sede de Nova Igua\u00e7u. Hor\u00e1rio da sa\u00edda dos \u00f4nibus 8h<\/p>\n<p>DOE UM QUILO DE ALIMENTO N\u00c3O-PEREC\u00cdVEL<\/p>\n<p>(As doa\u00e7\u00f5es ser\u00e3o enviadas para Associa\u00e7\u00e3o Sa\u00fade Crian\u00e7a RECOME\u00c7AR )<\/p>\n","protected":false},"excerpt":{"rendered":"<p>Dia 27 de agosto, sabad\u00e3o, vai rolar a tradicional FESTA DO BANC\u00c1RIO, aberta a todos os banc\u00e1rios e seus depedentes. No S\u00edtio Mazaropi, Av. dos Coqueiros, 375 \u2013 Santa Cruz da Serra Rodovia Washington Luiz \u2013 Duque de Caxias. (Sa\u00edda 106 da Washington Luiz \u2013 pr\u00f3ximo a Pra\u00e7a do Codora). A festa vai contar com [&hellip;]<\/p>\n","protected":false},"author":1,"featured_media":2078,"comment_status":"","ping_status":"","sticky":false,"template":"","format":"standard","meta":{"footnotes":""},"categories":[3],"tags":[],"class_list":["post-2079","post","type-post","status-publish","format-standard","has-post-thumbnail","hentry","category-noticias"],"_links":{"self":[{"href":"https:\/\/hostnetart.com.br\/baixada\/wp-json\/wp\/v2\/posts\/2079","targetHints":{"allow":["GET"]}}],"collection":[{"href":"https:\/\/hostnetart.com.br\/baixada\/wp-json\/wp\/v2\/posts"}],"about":[{"href":"https:\/\/hostnetart.com.br\/baixada\/wp-json\/wp\/v2\/types\/post"}],"author":[{"embeddable":true,"href":"https:\/\/hostnetart.com.br\/baixada\/wp-json\/wp\/v2\/users\/1"}],"replies":[{"embeddable":true,"href":"https:\/\/hostnetart.com.br\/baixada\/wp-json\/wp\/v2\/comments?post=2079"}],"version-history":[{"count":0,"href":"https:\/\/hostnetart.com.br\/baixada\/wp-json\/wp\/v2\/posts\/2079\/revisions"}],"wp:featuredmedia":[{"embeddable":true,"href":"https:\/\/hostnetart.com.br\/baixada\/wp-json\/wp\/v2\/media\/2078"}],"wp:attachment":[{"href":"https:\/\/hostnetart.com.br\/baixada\/wp-json\/wp\/v2\/media?parent=2079"}],"wp:term":[{"taxonomy":"category","embeddable":true,"href":"https:\/\/hostnetart.com.br\/baixada\/wp-json\/wp\/v2\/categories?post=2079"},{"taxonomy":"post_tag","embeddable":true,"href":"https:\/\/hostnetart.com.br\/baixada\/wp-json\/wp\/v2\/tags?post=2079"}],"curies":[{"name":"wp","href":"https:\/\/api.w.org\/{rel}","templated":true}]}}