{"id":2075,"date":"2016-08-10T00:00:00","date_gmt":"2016-08-10T03:00:00","guid":{"rendered":"https:\/\/hostnetart.com.br\/baixada\/empregados-da-caixa-entregam-pauta-especifica-da-campanha-nacional-2016\/"},"modified":"2016-08-10T00:00:00","modified_gmt":"2016-08-10T03:00:00","slug":"empregados-da-caixa-entregam-pauta-especifica-da-campanha-nacional-2016","status":"publish","type":"post","link":"https:\/\/hostnetart.com.br\/baixada\/empregados-da-caixa-entregam-pauta-especifica-da-campanha-nacional-2016\/","title":{"rendered":"Empregados da Caixa entregam pauta espec\u00edfica da Campanha Nacional 2016"},"content":{"rendered":"<p>As reivindica\u00e7\u00f5es s\u00e3o referentes \u00e0s condi\u00e7\u00f5es de trabalho, retomada das contra\u00e7\u00f5es, Funcef e Sa\u00fade Caixa<\/p>\n<p>Os empregados da Caixa entregaram \u00e0 dire\u00e7\u00e3o do banco, na manh\u00e3 desta ter\u00e7a-feira (9), na sede da Federa\u00e7\u00e3o dos Bancos \u2013 (Fenaban), a minuta de reivindica\u00e7\u00f5es espec\u00edfica da Campanha Nacional 2016.<\/p>\n<p>O documento apresenta as reivindica\u00e7\u00f5es espec\u00edficas aprovadas no 32\u00ba Congresso Nacional dos Empregados da Caixa Federal (Conecef), que ocorreu em junho. Como pontos da Campanha Nacional de 2016 est\u00e3o a insatisfa\u00e7\u00e3o quando \u00e0 extin\u00e7\u00e3o da fun\u00e7\u00e3o de caixas, \u00e0 retirada do pagamento do adicional de insalubridade dos avaliadores de penhor, \u00e0 amea\u00e7a \u00e0 fun\u00e7\u00e3o de tesoureiros, contra o fechamento de ag\u00eancias, a favor das contrata\u00e7\u00f5es, entre outros.<\/p>\n<p>Dion\u00edsio Reis, coordenador do CEE da Caixa, lembrou que centenas de empregados da caixa tiraram na 32\u00ba Conecef as suas reivindica\u00e7\u00f5es que foram entregues junto com a pauta geral da categoria. \u201cN\u00e3o aceitaremos nenhum direito a menos. Vamos lutar pela Caixa 100% p\u00fablica e por melhores condi\u00e7\u00f5es de trabalho\u201d, garantiu.<\/p>\n<p>A indigna\u00e7\u00e3o dos empregados tamb\u00e9m vem sendo mostrada nas mobiliza\u00e7\u00f5es promovidas pelas entidades representativas ao longo desse per\u00edodo, a exemplo do Dia Nacional de Luta, realizado em todo o pa\u00eds no dia 3 de agosto. Nos eventos, mobiliza\u00e7\u00f5es e atividades p\u00fablicas nas ag\u00eancias da Caixa ou nas redes sociais, os trabalhadores est\u00e3o mostrando, por exemplo, que querem um basta \u00e0 subtra\u00e7\u00e3o dos direitos dos empregados do banco e por isso externam #nenhumdireitoamenos.<\/p>\n<p>Confira uma s\u00edntese da pauta de reivindica\u00e7\u00f5es espec\u00edficas dos empregados da Caixa Econ\u00f4mica.<\/p>\n<p>Sa\u00fade do trabalhador \u2013 Pausa de dez minutos a cada 50 trabalhados estendida a todos que fazem atendimento ao p\u00fablico, trabalham com entrada de dados ou t\u00eam movimentos repetitivos.<\/p>\n<p>Sipat (Semana Interna de Preven\u00e7\u00e3o de Acidentes no Trabalho) organizada conjuntamente pelo Sindicato e a Cipa (Comiss\u00e3o Interna de Preven\u00e7\u00e3o de Acidentes). Com toda a infraestrutura sendo garantida pela Caixa.<\/p>\n<p>Abertura obrigat\u00f3ria de CAT (Comunica\u00e7\u00e3o de Acidente de Trabalho) no prazo de 24 horas para todos os trabalhadores lotados na unidade, nas ocorr\u00eancias de assalto.<\/p>\n<p>Sa\u00fade Caixa \u2013 Altera\u00e7\u00e3o do car\u00e1ter de consultivo para deliberativo do Conselho de Usu\u00e1rios; fortalecimento dos comit\u00eas de acompanhamento de rede credenciada, incluindo custeio pela Caixa de despesas com viagens dos integrantes.<\/p>\n<p>Funcef \u2013 Manuten\u00e7\u00e3o do Fundo para Revis\u00e3o de Benef\u00edcios, com o banco p\u00fablico arcando com 100% do d\u00e9ficit causado nas situa\u00e7\u00f5es em que foi utilizado o voto de Minerva. Al\u00e9m disso, o fim desse voto.<\/p>\n<p>Condi\u00e7\u00f5es de trabalho \u2013 Investimento maior da Caixa na Gilog e demais \u00e1reas que d\u00e3o suporte \u00e0s unidades. Uma das medidas seria que todos os estados passem a ter setores com essa atribui\u00e7\u00e3o.<\/p>\n<p>Para as ag\u00eancias as propostas s\u00e3o: fim do caixa minuto; manuten\u00e7\u00e3o da fun\u00e7\u00e3o de caixa; pagamento integral das fun\u00e7\u00f5es; garantia da substitui\u00e7\u00e3o para todos os cargos, independente da causa ou per\u00edodo de afastamento. Revis\u00e3o do conceito de \u201cag\u00eancia deficit\u00e1ria\u201d.<\/p>\n<p>Outras exig\u00eancias \u2013 Toda hora extra feita deve ser paga, com o fim do banco de horas, do descomissionamento arbitr\u00e1rio e da GDP (Gest\u00e3o de Desempenho Pessoal).<\/p>\n<p>Reestrutura\u00e7\u00e3o \u2013 Toda e qualquer reestrutura\u00e7\u00e3o deve ser debatida previamente com a Comiss\u00e3o Executiva dos Empregados (CEE).<\/p>\n<p>Defesa do banco p\u00fablico \u2013 Campanha permanente das entidades representativas dos empregados pela manuten\u00e7\u00e3o da Caixa 100% p\u00fablica como instrumento de fomento \u00e0 economia, implementa\u00e7\u00e3o de pol\u00edticas p\u00fablicas, e agente de regula\u00e7\u00e3o e modera\u00e7\u00e3o do Sistema Financeiro Nacional.<\/p>\n<p>Fonte: Contraf-CUT, com Fenae<\/p>\n","protected":false},"excerpt":{"rendered":"<p>As reivindica\u00e7\u00f5es s\u00e3o referentes \u00e0s condi\u00e7\u00f5es de trabalho, retomada das contra\u00e7\u00f5es, Funcef e Sa\u00fade Caixa Os empregados da Caixa entregaram \u00e0 dire\u00e7\u00e3o do banco, na manh\u00e3 desta ter\u00e7a-feira (9), na sede da Federa\u00e7\u00e3o dos Bancos \u2013 (Fenaban), a minuta de reivindica\u00e7\u00f5es espec\u00edfica da Campanha Nacional 2016. O documento apresenta as reivindica\u00e7\u00f5es espec\u00edficas aprovadas no 32\u00ba [&hellip;]<\/p>\n","protected":false},"author":1,"featured_media":0,"comment_status":"","ping_status":"","sticky":false,"template":"","format":"standard","meta":{"footnotes":""},"categories":[3],"tags":[],"class_list":["post-2075","post","type-post","status-publish","format-standard","hentry","category-noticias"],"_links":{"self":[{"href":"https:\/\/hostnetart.com.br\/baixada\/wp-json\/wp\/v2\/posts\/2075","targetHints":{"allow":["GET"]}}],"collection":[{"href":"https:\/\/hostnetart.com.br\/baixada\/wp-json\/wp\/v2\/posts"}],"about":[{"href":"https:\/\/hostnetart.com.br\/baixada\/wp-json\/wp\/v2\/types\/post"}],"author":[{"embeddable":true,"href":"https:\/\/hostnetart.com.br\/baixada\/wp-json\/wp\/v2\/users\/1"}],"replies":[{"embeddable":true,"href":"https:\/\/hostnetart.com.br\/baixada\/wp-json\/wp\/v2\/comments?post=2075"}],"version-history":[{"count":0,"href":"https:\/\/hostnetart.com.br\/baixada\/wp-json\/wp\/v2\/posts\/2075\/revisions"}],"wp:attachment":[{"href":"https:\/\/hostnetart.com.br\/baixada\/wp-json\/wp\/v2\/media?parent=2075"}],"wp:term":[{"taxonomy":"category","embeddable":true,"href":"https:\/\/hostnetart.com.br\/baixada\/wp-json\/wp\/v2\/categories?post=2075"},{"taxonomy":"post_tag","embeddable":true,"href":"https:\/\/hostnetart.com.br\/baixada\/wp-json\/wp\/v2\/tags?post=2075"}],"curies":[{"name":"wp","href":"https:\/\/api.w.org\/{rel}","templated":true}]}}