{"id":2074,"date":"2016-08-10T00:00:00","date_gmt":"2016-08-10T03:00:00","guid":{"rendered":"https:\/\/hostnetart.com.br\/baixada\/comando-nacional-entrega-reivindicacoes-a-fenaban-e-campanha-2016-ja-esta-nas-ruas\/"},"modified":"2016-08-10T00:00:00","modified_gmt":"2016-08-10T03:00:00","slug":"comando-nacional-entrega-reivindicacoes-a-fenaban-e-campanha-2016-ja-esta-nas-ruas","status":"publish","type":"post","link":"https:\/\/hostnetart.com.br\/baixada\/comando-nacional-entrega-reivindicacoes-a-fenaban-e-campanha-2016-ja-esta-nas-ruas\/","title":{"rendered":"Comando Nacional entrega reivindica\u00e7\u00f5es \u00e0 Fenaban e Campanha 2016 j\u00e1 est\u00e1 nas ruas"},"content":{"rendered":"<p>As primeiras rodadas de negocia\u00e7\u00e3o com os bancos foram marcadas para os dias 18 e 19 de agosto<\/p>\n<p>O Comando Nacional dos Banc\u00e1rios entregou \u00e0 Fenaban, na manh\u00e3 desta ter\u00e7a-feira (9), em S\u00e3o Paulo, a pauta de reivindica\u00e7\u00f5es da Campanha Nacional 2016. A minuta foi aprovada durante a 18\u00ba Confer\u00eancia Nacional dos Banc\u00e1rios, entre os dias 29 e 31 de julho, na capital paulista. As primeiras rodadas de negocia\u00e7\u00e3o j\u00e1 foram marcadas para a pr\u00f3xima semana, dias 18 e 19, e discutir\u00e3o reivindica\u00e7\u00f5es em geral.<\/p>\n<p>A Campanha Nacional 2016 tem como eixos centrais: reajuste de 14,78%, valoriza\u00e7\u00e3o do piso salarial, no valor do sal\u00e1rio m\u00ednimo calculado pelo Dieese (R$3.940,24 em junho), PLR de tr\u00eas sal\u00e1rios mais R$ 8.317,90, combate \u00e0s metas abusivas e ao ass\u00e9dio moral, fim da terceiriza\u00e7\u00e3o. Al\u00e9m da defesa do emprego, das empresas p\u00fablicas e dos direitos da classe trabalhadora, amea\u00e7ados pelo governo interno de Michel Temer.<\/p>\n<p>\u201cDissemos na entrega da Minuta que os banc\u00e1rios lutaram bravamente para que a gente estivesse ali hoje, frente a frente dos banqueiros, em igualdade de condi\u00e7\u00f5es. Foi lutando que inventamos este processo de negocia\u00e7\u00e3o inclusivo e participativo, que tem a for\u00e7a da unidade nacional. A Fenaban sabe que representamos verdadeiramente a nossa categoria nesta mesa\u201d, afirmou Roberto von der Osten, presidente da Contraf-CUT. \u201cReafirmamos que sabemos da conjuntura dif\u00edcil e da instabilidade institucional do Brasil hoje, causada por um golpe que pretende tirar direitos dos trabalhadores. Mas, lembramos aos banqueiros, que n\u00e3o fomos n\u00f3s que criamos nenhuma crise. Nem iremos pagar o pato. Contamos com o respeito e com a responsabilidade dos bancos. Ao mesmo tempo esperamos a merecida valoriza\u00e7\u00e3o dos empregados dos bancos. Dissemos que a partir deste momento consideramos que as nossas reivindica\u00e7\u00f5es contidas na Minuta s\u00e3o conhecidas pela Fenaban e esperamos ouvir brevemente palavras de acolhimento para elas\u201d, completou.<\/p>\n<p>Juvandia Moreira, vice-presidenta da Contraf-CUT e presidenta do Sindicato dos Banc\u00e1rios de S\u00e3o Paulo, Osasco e Regi\u00e3o, lembrou que ficou claro que os banc\u00e1rios est\u00e3o preocupados com os empregos. \u201cN\u00f3s queremos garantia de emprego, remunera\u00e7\u00e3o, sa\u00fade e condi\u00e7\u00f5es de trabalho, import\u00e2ncia da igualdade de oportunidades para categoria. Deixamos claro tamb\u00e9m que os banc\u00e1rios n\u00e3o v\u00e3o pagar essa conta, dessa crise que foi criada no Brasil.\u201d De acordo com Juvandia, os bancos n\u00e3o t\u00eam crise. \u201cEstudo da Econom\u00e1tica, que consultou 300 empresas de 25 setores diferentes no Brasil, mostra que os bancos s\u00e3o os mais lucrativos. Portanto, j\u00e1 que n\u00e3o tem crise para banqueiro, n\u00e3o pode ter crise para o banc\u00e1rio. A gente espera que as nossas reivindica\u00e7\u00f5es sejam atendidas. Esperamos que o processo seja r\u00e1pido, se defina o quanto antes com ganhos para a categoria, que tanto trabalha e tanto contribui.\u201d<\/p>\n<p>Caixa e Banco do Brasil<\/p>\n<p>A pauta espec\u00edfica dos empregos da Caixa tamb\u00e9m foi entregue nesta ter\u00e7a-feira (9) \u00e0 dire\u00e7\u00e3o do banco, ap\u00f3s a reuni\u00e3o com a Fenaban. Os pleitos dos trabalhadores foram definidos no 32\u00ba Congresso Nacional dos Empregados da Caixa (Conecef), realizado entre os dias 17 e 19 de junho, em S\u00e3o Paulo. Clique aqui para ler a mat\u00e9ria completa.<\/p>\n<p>A minuta de reivindica\u00e7\u00f5es espec\u00edficas dos funcion\u00e1rios do Banco do Brasil ser\u00e1 entregue na pr\u00f3xima quinta-feira, dia 11 de agosto, ao presidente do BB, Paulo Cafarelli, em S\u00e3o Paulo. A pauta contempla as propostas aprovadas no 27\u00ba Congresso Nacional dos Funcion\u00e1rios do Banco do Brasil, tamb\u00e9m em S\u00e3o Paulo, entre os dias 17 e 19 de junho.<\/p>\n<p>S\u00f3 a Luta te Garante<\/p>\n<p>Campanha 2016 j\u00e1 est\u00e1 nas ruas sob o mote \u201cS\u00f3 a Luta te Garante\u201d. Banc\u00e1rios e banc\u00e1rias querem chamar a aten\u00e7\u00e3o da popula\u00e7\u00e3o n\u00e3o s\u00f3 para as reivindica\u00e7\u00f5es da categoria, mas tamb\u00e9m para a conjuntura complicada sofrida pelo Pa\u00eds e pela classe trabalhadora, com tantas amea\u00e7as aos direitos conquistados, em anos de batalha. Mais do que nunca, s\u00f3 a luta garantir\u00e1 avan\u00e7os contra o retrocesso.<\/p>\n<p>Consulta Nacional 2016, realizada com a categoria banc\u00e1ria, para constru\u00e7\u00e3o da pauta de reivindica\u00e7\u00f5es, demonstrou, que entre os mais de 40 mil trabalhadores que responderam \u00e0 pesquisa, 76% s\u00e3o contr\u00e1rios \u00e0 reforma da Previd\u00eancia Social e 85% n\u00e3o querem a redu\u00e7\u00e3o de direitos da CLT, conforme est\u00e1 sendo proposto pelo governo interino de Michel Temer.<\/p>\n<p>A imagem principal de m\u00eddia deste ano \u00e9 uma rosa, s\u00edmbolo de luta em v\u00e1rios momentos hist\u00f3ricos pelo mundo. Banc\u00e1rios de todo o Brasil j\u00e1 aderiram \u00e0 Campanha nas ruas e nas redes sociais, atrav\u00e9s Facebook da Contraf-CUT, com link para incluir a marca da Campanha na foto principal do perfil. Somente a luta garante direitos.<\/p>\n<p>Principais reivindica\u00e7\u00f5es da minuta<\/p>\n<p>Reajuste salarial: 14,78% (incluindo reposi\u00e7\u00e3o da infla\u00e7\u00e3o mais 5% de aumento real)<\/p>\n<p>PLR: 3 sal\u00e1rios mais R$8.317,90<\/p>\n<p>Piso: R$3.940,24 (equivalente ao sal\u00e1rio m\u00ednimo do Dieese em valores de junho \u00faltimo).<\/p>\n<p>Vale alimenta\u00e7\u00e3o no valor de R$880,00 ao m\u00eas (valor do sal\u00e1rio m\u00ednimo)<\/p>\n<p>Vale refei\u00e7\u00e3o no valor de R$880,00 ao m\u00eas<\/p>\n<p>13\u00aa cesta e aux\u00edlio-creche\/bab\u00e1 no valor de R$880,00 ao m\u00eas.<\/p>\n<p>Melhores condi\u00e7\u00f5es de trabalho com o fim das metas abusivas e do ass\u00e9dio moral que adoecem os banc\u00e1rios.<\/p>\n<p>Emprego: fim das demiss\u00f5es, mais contrata\u00e7\u00f5es, fim da rotatividade e combate \u00e0s terceiriza\u00e7\u00f5es diante dos riscos de aprova\u00e7\u00e3o do PLC 30\/15 no Senado Federal, al\u00e9m da ratifica\u00e7\u00e3o da Conven\u00e7\u00e3o 158 da OIT, que co\u00edbe dispensas imotivadas.<\/p>\n<p>Plano de Cargos, Carreiras e Sal\u00e1rios (PCCS): para todos os banc\u00e1rios.<\/p>\n<p>Aux\u00edlio-educa\u00e7\u00e3o: pagamento para gradua\u00e7\u00e3o e p\u00f3s.<\/p>\n<p>Preven\u00e7\u00e3o contra assaltos e sequestros: perman\u00eancia de dois vigilantes por andar nas ag\u00eancias e pontos de servi\u00e7os banc\u00e1rios, conforme legisla\u00e7\u00e3o. Instala\u00e7\u00e3o de portas girat\u00f3rias com detector de metais na entrada das \u00e1reas de autoatendimento e biombos nos caixas. Abertura e fechamento remoto das ag\u00eancias, fim da guarda das chaves por funcion\u00e1rios.<\/p>\n<p>Igualdade de oportunidades: fim \u00e0s discrimina\u00e7\u00f5es nos sal\u00e1rios e na ascens\u00e3o profissional de mulheres, negros, gays, l\u00e9sbicas, transsexuais e pessoas com defici\u00eancia (PCDs).<\/p>\n<p>Clique aqui para ver a galeria de fotos.<\/p>\n<p>Fonte: Contraf-CUT<\/p>\n","protected":false},"excerpt":{"rendered":"<p>As primeiras rodadas de negocia\u00e7\u00e3o com os bancos foram marcadas para os dias 18 e 19 de agosto O Comando Nacional dos Banc\u00e1rios entregou \u00e0 Fenaban, na manh\u00e3 desta ter\u00e7a-feira (9), em S\u00e3o Paulo, a pauta de reivindica\u00e7\u00f5es da Campanha Nacional 2016. A minuta foi aprovada durante a 18\u00ba Confer\u00eancia Nacional dos Banc\u00e1rios, entre os [&hellip;]<\/p>\n","protected":false},"author":1,"featured_media":2073,"comment_status":"","ping_status":"","sticky":false,"template":"","format":"standard","meta":{"footnotes":""},"categories":[3],"tags":[],"class_list":["post-2074","post","type-post","status-publish","format-standard","has-post-thumbnail","hentry","category-noticias"],"_links":{"self":[{"href":"https:\/\/hostnetart.com.br\/baixada\/wp-json\/wp\/v2\/posts\/2074","targetHints":{"allow":["GET"]}}],"collection":[{"href":"https:\/\/hostnetart.com.br\/baixada\/wp-json\/wp\/v2\/posts"}],"about":[{"href":"https:\/\/hostnetart.com.br\/baixada\/wp-json\/wp\/v2\/types\/post"}],"author":[{"embeddable":true,"href":"https:\/\/hostnetart.com.br\/baixada\/wp-json\/wp\/v2\/users\/1"}],"replies":[{"embeddable":true,"href":"https:\/\/hostnetart.com.br\/baixada\/wp-json\/wp\/v2\/comments?post=2074"}],"version-history":[{"count":0,"href":"https:\/\/hostnetart.com.br\/baixada\/wp-json\/wp\/v2\/posts\/2074\/revisions"}],"wp:featuredmedia":[{"embeddable":true,"href":"https:\/\/hostnetart.com.br\/baixada\/wp-json\/wp\/v2\/media\/2073"}],"wp:attachment":[{"href":"https:\/\/hostnetart.com.br\/baixada\/wp-json\/wp\/v2\/media?parent=2074"}],"wp:term":[{"taxonomy":"category","embeddable":true,"href":"https:\/\/hostnetart.com.br\/baixada\/wp-json\/wp\/v2\/categories?post=2074"},{"taxonomy":"post_tag","embeddable":true,"href":"https:\/\/hostnetart.com.br\/baixada\/wp-json\/wp\/v2\/tags?post=2074"}],"curies":[{"name":"wp","href":"https:\/\/api.w.org\/{rel}","templated":true}]}}