{"id":2070,"date":"2016-08-02T00:00:00","date_gmt":"2016-08-02T03:00:00","guid":{"rendered":"https:\/\/hostnetart.com.br\/baixada\/edital-assembleia-geral-extraordinaria\/"},"modified":"2016-08-02T00:00:00","modified_gmt":"2016-08-02T03:00:00","slug":"edital-assembleia-geral-extraordinaria","status":"publish","type":"post","link":"https:\/\/hostnetart.com.br\/baixada\/edital-assembleia-geral-extraordinaria\/","title":{"rendered":"EDITAL ASSEMBLEIA GERAL EXTRAORDIN\u00c1RIA"},"content":{"rendered":"<p><b>Dia 05\/08\/2016, \u00e0s 18:00.h, em primeira convoca\u00e7\u00e3o, e \u00e0s 18:30 h, em segunda convoca\u00e7\u00e3o.<\/b><\/p>\n<p>\u00a0<\/p>\n<p align=\"center\"><b>EDITAL ASSEMBLEIA GERAL EXTRAORDIN\u00c1RIA<\/b><\/p>\n<p align=\"center\"><b>==============================<wbr \/>==========<\/b><\/p>\n<div>\u00a0<\/div>\n<p>Sindicato dos Empregados em Estabelecimentos Banc\u00e1rios da Baixada\u00a0 Fluminense , inscrito no CNPJ\/MF sob o n\u00ba 28750016000130 , Registro sindical n\u00ba <a href=\"tel:1178782690\" target=\"_blank\" rel=\"noopener noreferrer\">1178782690<\/a> \u00a0por seus coordenadores abaixo assinado, convoca todos os empregados em estabelecimentos banc\u00e1rios dos bancos p\u00fablicos e privados, s\u00f3cios e n\u00e3o s\u00f3cios, da base territorial deste sindicato, para a assembleia geral extraordin\u00e1ria que se realizar\u00e1 dia 05\/08\/2016 , \u00e0s 18:00.h, em primeira convoca\u00e7\u00e3o, e \u00e0s 18:30 h, em segunda convoca\u00e7\u00e3o, no endere\u00e7o situado \u00e0 Rua Professor Henrique Ferreira Gomes \u00a0n\u00ba 179 centro Duque de Caxias , para discuss\u00e3o e delibera\u00e7\u00e3o acerca da seguinte ordem do dia:\u00a0<\/p>\n<p>1. Autorizar \u00e0 diretoria para realizar negocia\u00e7\u00f5es coletivas, celebrar Conven\u00e7\u00e3o Coletiva de Trabalho, Conven\u00e7\u00f5es\/Acordos Coletivos Aditivos, bem como Conven\u00e7\u00e3o\/Acordos de PLR e, frustradas as negocia\u00e7\u00f5es, defender-se e\/ou instaurar diss\u00eddio coletivo de trabalho, bem como delegar poderes para tanto;\u00a0<\/p>\n<p>\u00a02. Deliberar sobre aprova\u00e7\u00e3o da minuta de pr\u00e9-acordo de negocia\u00e7\u00e3o e minuta de reivindica\u00e7\u00f5es da categoria banc\u00e1ria, data-base 1\u00ba de setembro, definida na 18\u00aa Confer\u00eancia Nacional dos Banc\u00e1rios;\u00a0<\/p>\n<p>\u00a03. Deliberar sobre desconto a ser feito nos sal\u00e1rios dos empregados em raz\u00e3o da contrata\u00e7\u00e3o a ser realizada;\u00a0<\/p>\n<p>\u00a04. Outros assuntos de interesse da categoria profissional<\/p>\n<p>\u00a0Duque de Caxias\u00a0 02de Agosto de 2016.<\/p>\n<p>Coordenadores : Alcyon Vicente , Jos\u00e9 Laercio , Pedro Fraga<\/p>\n","protected":false},"excerpt":{"rendered":"<p>Dia 05\/08\/2016, \u00e0s 18:00.h, em primeira convoca\u00e7\u00e3o, e \u00e0s 18:30 h, em segunda convoca\u00e7\u00e3o. \u00a0 EDITAL ASSEMBLEIA GERAL EXTRAORDIN\u00c1RIA ======================================== \u00a0 Sindicato dos Empregados em Estabelecimentos Banc\u00e1rios da Baixada\u00a0 Fluminense , inscrito no CNPJ\/MF sob o n\u00ba 28750016000130 , Registro sindical n\u00ba 1178782690 \u00a0por seus coordenadores abaixo assinado, convoca todos os empregados em estabelecimentos banc\u00e1rios [&hellip;]<\/p>\n","protected":false},"author":1,"featured_media":2069,"comment_status":"","ping_status":"","sticky":false,"template":"","format":"standard","meta":{"footnotes":""},"categories":[3],"tags":[],"class_list":["post-2070","post","type-post","status-publish","format-standard","has-post-thumbnail","hentry","category-noticias"],"_links":{"self":[{"href":"https:\/\/hostnetart.com.br\/baixada\/wp-json\/wp\/v2\/posts\/2070","targetHints":{"allow":["GET"]}}],"collection":[{"href":"https:\/\/hostnetart.com.br\/baixada\/wp-json\/wp\/v2\/posts"}],"about":[{"href":"https:\/\/hostnetart.com.br\/baixada\/wp-json\/wp\/v2\/types\/post"}],"author":[{"embeddable":true,"href":"https:\/\/hostnetart.com.br\/baixada\/wp-json\/wp\/v2\/users\/1"}],"replies":[{"embeddable":true,"href":"https:\/\/hostnetart.com.br\/baixada\/wp-json\/wp\/v2\/comments?post=2070"}],"version-history":[{"count":0,"href":"https:\/\/hostnetart.com.br\/baixada\/wp-json\/wp\/v2\/posts\/2070\/revisions"}],"wp:featuredmedia":[{"embeddable":true,"href":"https:\/\/hostnetart.com.br\/baixada\/wp-json\/wp\/v2\/media\/2069"}],"wp:attachment":[{"href":"https:\/\/hostnetart.com.br\/baixada\/wp-json\/wp\/v2\/media?parent=2070"}],"wp:term":[{"taxonomy":"category","embeddable":true,"href":"https:\/\/hostnetart.com.br\/baixada\/wp-json\/wp\/v2\/categories?post=2070"},{"taxonomy":"post_tag","embeddable":true,"href":"https:\/\/hostnetart.com.br\/baixada\/wp-json\/wp\/v2\/tags?post=2070"}],"curies":[{"name":"wp","href":"https:\/\/api.w.org\/{rel}","templated":true}]}}