{"id":2066,"date":"2015-08-04T21:46:00","date_gmt":"2015-08-05T00:46:00","guid":{"rendered":"https:\/\/hostnetart.com.br\/baixada\/midia-da-campanha-2015-e-apresentada-na-conferencia-nacional\/"},"modified":"2015-08-04T21:46:00","modified_gmt":"2015-08-05T00:46:00","slug":"midia-da-campanha-2015-e-apresentada-na-conferencia-nacional","status":"publish","type":"post","link":"https:\/\/hostnetart.com.br\/baixada\/midia-da-campanha-2015-e-apresentada-na-conferencia-nacional\/","title":{"rendered":"M\u00eddia da Campanha 2015 \u00e9 apresentada na Confer\u00eancia Nacional"},"content":{"rendered":"<p>\u201cExplora\u00e7\u00e3o n\u00e3o tem perd\u00e3o\u201d. Esse \u00e9 mote da m\u00eddia da Campanha Nacional dos Banc\u00e1rios 2015, que foi apresentada neste domingo (2), durante a plen\u00e1ria final da 17\u00aa Confer\u00eancia Nacional dos Banc\u00e1rios, que acontece em S\u00e3o Paulo. A proposta foi constru\u00edda pelo coletivo de imprensa, que reuniu dirigentes sindicais e profissionais de comunica\u00e7\u00e3o de federa\u00e7\u00f5es, sindicatos, Fenae e da Contraf-CUT. Ao todo foram realizadas quatro reuni\u00f5es.<\/p>\n<p>Ao explicar a m\u00eddia, o secret\u00e1rio de Imprensa da Contraf-CUT, Gerson Pereira, lembrou que foram levadas em conta quest\u00f5es como terceiriza\u00e7\u00e3o, o ass\u00e9dio, a discrimina\u00e7\u00e3o entre outros problemas que atentam contra os direitos da categoria banc\u00e1ria. O diretor da entidade destacou ainda que o material, com suas divers\u00f5es possibilidades de utiliza\u00e7\u00e3o (outdoor, camisetas, cartazes, selos entre outros), ser\u00e1 disponibilizado para as entidades sindicais na pr\u00f3xima quarta-feira, 5 de agosto, no site da Confedera\u00e7\u00e3o(www.contrafcut.org.br).<\/p>\n<p>\u201cSa\u00edmos com um material que representa o anseio dos trabalhadores de todo o Brasil, pois o trabalho final \u00e9 resultado de todas as participa\u00e7\u00f5es que tivemos durante as quatro reuni\u00f5es. Todos os sindicatos podem ter certeza de que ter\u00e3o um material de muito conte\u00fado e qualidade. E com diversas possibilidades de a\u00e7\u00f5es para pressionar os banqueiros a atenderem nossas reivindica\u00e7\u00f5es\u201d, destaca Gerson Pereira.<\/p>\n<p><strong>Eixos<\/strong><\/p>\n<p>A proposta da m\u00eddia da campanha 2015 prev\u00ea a utiliza\u00e7\u00e3o de sete eixos que foram denominados de 7 pecados do capital: ass\u00e9dio, discrimina\u00e7\u00e3o, gan\u00e2ncia, irresponsabilidade, mentira, ostenta\u00e7\u00e3o e terceiriza\u00e7\u00e3o. <br \/>\u201cA ideia \u00e9 mostrar que os banqueiros s\u00e3o exploradores da categoria banc\u00e1ria. E o lucro exorbitante que os bancos obt\u00eam \u00e9 o resultado da explora\u00e7\u00e3o dos trabalhadores. A mobiliza\u00e7\u00e3o da categoria banc\u00e1ria \u00e9 fundamental para reverter essa situa\u00e7\u00e3o\u201d, acrescenta o secret\u00e1rio de Imprensa da Contraf-CUT.<\/p>\n<p>Andr\u00e9a Viegas, da Rede Nacional de Comunica\u00e7\u00e3o dos Banc\u00e1rios<\/p>\n","protected":false},"excerpt":{"rendered":"<p>\u201cExplora\u00e7\u00e3o n\u00e3o tem perd\u00e3o\u201d. Esse \u00e9 mote da m\u00eddia da Campanha Nacional dos Banc\u00e1rios 2015, que foi apresentada neste domingo (2), durante a plen\u00e1ria final da 17\u00aa Confer\u00eancia Nacional dos Banc\u00e1rios, que acontece em S\u00e3o Paulo. A proposta foi constru\u00edda pelo coletivo de imprensa, que reuniu dirigentes sindicais e profissionais de comunica\u00e7\u00e3o de federa\u00e7\u00f5es, sindicatos, [&hellip;]<\/p>\n","protected":false},"author":1,"featured_media":0,"comment_status":"","ping_status":"","sticky":false,"template":"","format":"standard","meta":{"footnotes":""},"categories":[3],"tags":[],"class_list":["post-2066","post","type-post","status-publish","format-standard","hentry","category-noticias"],"_links":{"self":[{"href":"https:\/\/hostnetart.com.br\/baixada\/wp-json\/wp\/v2\/posts\/2066","targetHints":{"allow":["GET"]}}],"collection":[{"href":"https:\/\/hostnetart.com.br\/baixada\/wp-json\/wp\/v2\/posts"}],"about":[{"href":"https:\/\/hostnetart.com.br\/baixada\/wp-json\/wp\/v2\/types\/post"}],"author":[{"embeddable":true,"href":"https:\/\/hostnetart.com.br\/baixada\/wp-json\/wp\/v2\/users\/1"}],"replies":[{"embeddable":true,"href":"https:\/\/hostnetart.com.br\/baixada\/wp-json\/wp\/v2\/comments?post=2066"}],"version-history":[{"count":0,"href":"https:\/\/hostnetart.com.br\/baixada\/wp-json\/wp\/v2\/posts\/2066\/revisions"}],"wp:attachment":[{"href":"https:\/\/hostnetart.com.br\/baixada\/wp-json\/wp\/v2\/media?parent=2066"}],"wp:term":[{"taxonomy":"category","embeddable":true,"href":"https:\/\/hostnetart.com.br\/baixada\/wp-json\/wp\/v2\/categories?post=2066"},{"taxonomy":"post_tag","embeddable":true,"href":"https:\/\/hostnetart.com.br\/baixada\/wp-json\/wp\/v2\/tags?post=2066"}],"curies":[{"name":"wp","href":"https:\/\/api.w.org\/{rel}","templated":true}]}}