{"id":2065,"date":"2015-08-04T21:44:00","date_gmt":"2015-08-05T00:44:00","guid":{"rendered":"https:\/\/hostnetart.com.br\/baixada\/bancarios-reivindicam-16-garantia-de-emprego-e-o-fim-das-terceirizacoes\/"},"modified":"2015-08-04T21:44:00","modified_gmt":"2015-08-05T00:44:00","slug":"bancarios-reivindicam-16-garantia-de-emprego-e-o-fim-das-terceirizacoes","status":"publish","type":"post","link":"https:\/\/hostnetart.com.br\/baixada\/bancarios-reivindicam-16-garantia-de-emprego-e-o-fim-das-terceirizacoes\/","title":{"rendered":"Banc\u00e1rios reivindicam 16%, garantia de emprego e o fim das terceiriza\u00e7\u00f5es"},"content":{"rendered":"<p>A 17\u00aa Confer\u00eancia Nacional dos Banc\u00e1rios aprovou na plen\u00e1ria final, realizada neste domingo (2) em S\u00e3o Paulo, a estrat\u00e9gia, o calend\u00e1rio e a pauta de reivindica\u00e7\u00f5es da Campanha Nacional 2015, que ter\u00e1 como eixos centrais reajuste de 16%, valoriza\u00e7\u00e3o do piso salarial no valor do sal\u00e1rio m\u00ednimo calculado pelo Dieese (R$ 3299,66 em junho), PLR de tr\u00eas sa l\u00e1rios mais R$ 7.246,82, defesa do emprego, combate \u00e0s metas abusivas e ao ass\u00e9dio moral e fim da terceiriza\u00e7\u00e3o. <\/p>\n<p>Participaram da Confer\u00eancia, aberta nesta sexta-feira (31) no hotel Hotel Holiday Inn Parque Anhembi, 667 delegados, sendo 219 mulheres e 448 homens, al\u00e9m de 42 observadores. O presidente da Contraf-CUT, Roberto Von der Osten, ressaltou que os banc\u00e1rios realizaram uma grande confer\u00eancia, com muito debate pol\u00edtico.<\/p>\n<p>\u201cFoi uma confer\u00eancia muito disputada entre as for\u00e7as, como \u00e9 da nossa natureza, com muita democracia, toler\u00e2ncia e disposi\u00e7\u00e3o. Constru\u00edmos uma minuta que vamos entregar aos banqueiros no pr\u00f3ximo dia 11. Esse \u00e9 um processo que n\u00f3s inventamos, a partir da d\u00e9cada de 80, de construir democraticamente nossa luta. Construir num formato que os banc\u00e1rios e as banc\u00e1rias sentem pertencimento, sentem vontade de participar\u201d, avaliou Roberto Von der Osten.<\/p>\n<p>O presidente da Contraf-CUT lembrou que foram realizadas 48 mil consultas entre os banc\u00e1rios para constru\u00e7\u00e3o da Campanha. \u201cA categoria disse o que ela quer como \u00edndice, o que \u00e9 prioridade na quest\u00e3o de sa\u00fade, de emprego e remunera\u00e7\u00e3o. N\u00f3s temos os debates nos sindicatos, depois nas federa\u00e7\u00f5es e o coroamento, o fechamento disso, \u00e9 nossa Confer\u00eancia Nacional, que aprova a minuta\u201d, explicou o dirigente.<\/p>\n<p>A Campanha Nacional 2015 come\u00e7a agora, afirmou o presidente da Contraf-CUT. \u201cAo entregarmos a minuta para os banqueiros come\u00e7am as negocia\u00e7\u00f5es. H\u00e1 possibilidade de conflitos, mas depois a resolu\u00e7\u00e3o. E chegamos a uma Conven\u00e7\u00e3o Coletiva. O Brasil vive agora uma crise pol\u00edtica, que foi transformada em crise econ\u00f4mica. Mas nossos patr\u00f5es navegam num mar tranquilo. Tiveram lucros alt\u00edssimos, apresentados no primeiro e segundo trimestres. Temos certeza que eles ter\u00e3o responsabilidade e coer\u00eancia na negocia\u00e7\u00e3o com a gente. E que vamos ter o ganho real que estamos reivindicando e vamos trazer mais conquistas para a categoria\u201d, acrescentou Roberto . <\/p>\n<p>Conjuntura Nacional<\/p>\n<p>Os 667 delegados e delegadas que participaram da 17\u00aa Confer\u00eancia tamb\u00e9m discutiram temas importantes da conjuntura nacional, como as consequ\u00eancias do processo de terceiriza\u00e7\u00e3o, reforma tribut\u00e1ria, desenvolvimento econ\u00f4mico e estrutura do s istema financeiro atual. Tamb\u00e9m houve duras cr\u00edticas ao \u00faltimo aumento da taxa Selic, que passou para 14,25% ao ano, e ao ajuste fiscal, liderado pelo ministro da Fazenda, Joaquim Levy.<\/p>\n<p>Entrega da pauta<\/p>\n<p>O Comando Nacional dos Banc\u00e1rios entregar\u00e1 no pr\u00f3ximo dia 11 de agosto, em S\u00e3o Paulo, a pauta de reivindica\u00e7\u00f5es \u00e0 Fenaban.<\/p>\n<p>Principais reivindica\u00e7\u00f5es aprovadas na Confer\u00eancia<\/p>\n<p>Reajuste salarial de 16%. (incluindo reposi\u00e7\u00e3o da infla\u00e7\u00e3o mais 5,7% de aumento real)<\/p>\n<p>PLR: 3 sal\u00e1rios mais R$7.246,82 <\/p>\n<p>Piso: R$3.299,66 (equivalente ao sal\u00e1rio m\u00ednimo do Dieese em valores de junho \u00faltimo).<\/p>\n<p>Vales alimenta\u00e7\u00e3o, refei\u00e7\u00e3o, 13\u00aa cesta e aux\u00edlio-creche\/bab\u00e1: R$788,00 ao m\u00eas para cada (sal\u00e1rio m\u00ednimo nacional).<\/p>\n<p>Melhores condi\u00e7\u00f5es de trabalho com o fim das metas abusivas e do ass\u00e9dio moral que adoecem os banc\u00e1rios.<\/p>\n<p>Emprego: fim das demiss\u00f5es, mais contrata\u00e7\u00f5es, fim da rotatividade e combate \u00e0s terceiriza\u00e7\u00f5es diante dos riscos de aprova\u00e7\u00e3o do PLC 30\/15 no Senado Federal, al\u00e9m da ratifica\u00e7\u00e3o da Conven\u00e7\u00e3o 158 da OIT, que co\u00edbe dispensas imotivadas.<br \/>Plano de Cargos, Carreiras e Sal\u00e1rios (PCCS): para todos os banc\u00e1rios.<\/p>\n<p>Aux\u00edlio-educa\u00e7\u00e3o: pagamento para gradua\u00e7\u00e3o e p\u00f3s.<br \/>Preven\u00e7\u00e3o contra assaltos e sequestros: perman\u00eancia de dois vigilantes por andar nas ag\u00eancias e pontos de servi\u00e7os banc\u00e1rios, conforme legisla\u00e7\u00e3o. Instala\u00e7\u00e3o de portas girat\u00f3rias com detector de metais na entrada das \u00e1reas de autoatendimento e biombos nos caixas. Abertura e fechamento remoto das ag\u00eancias, fim da guarda das chaves por funcion\u00e1rios. <\/p>\n<p>Igualdade de oportunidades: fim \u00e0s discrimina\u00e7\u00f5es nos sal\u00e1rios e na ascens\u00e3o profissional de mulheres, negros, gays, l\u00e9sbicas, transsexuais e pessoas com def ici\u00eancia (PCDs).<\/p>\n<p>Rede Nacional de Comunica\u00e7\u00e3o dos Banc\u00e1rios<\/p>\n","protected":false},"excerpt":{"rendered":"<p>A 17\u00aa Confer\u00eancia Nacional dos Banc\u00e1rios aprovou na plen\u00e1ria final, realizada neste domingo (2) em S\u00e3o Paulo, a estrat\u00e9gia, o calend\u00e1rio e a pauta de reivindica\u00e7\u00f5es da Campanha Nacional 2015, que ter\u00e1 como eixos centrais reajuste de 16%, valoriza\u00e7\u00e3o do piso salarial no valor do sal\u00e1rio m\u00ednimo calculado pelo Dieese (R$ 3299,66 em junho), PLR [&hellip;]<\/p>\n","protected":false},"author":1,"featured_media":0,"comment_status":"","ping_status":"","sticky":false,"template":"","format":"standard","meta":{"footnotes":""},"categories":[3],"tags":[],"class_list":["post-2065","post","type-post","status-publish","format-standard","hentry","category-noticias"],"_links":{"self":[{"href":"https:\/\/hostnetart.com.br\/baixada\/wp-json\/wp\/v2\/posts\/2065","targetHints":{"allow":["GET"]}}],"collection":[{"href":"https:\/\/hostnetart.com.br\/baixada\/wp-json\/wp\/v2\/posts"}],"about":[{"href":"https:\/\/hostnetart.com.br\/baixada\/wp-json\/wp\/v2\/types\/post"}],"author":[{"embeddable":true,"href":"https:\/\/hostnetart.com.br\/baixada\/wp-json\/wp\/v2\/users\/1"}],"replies":[{"embeddable":true,"href":"https:\/\/hostnetart.com.br\/baixada\/wp-json\/wp\/v2\/comments?post=2065"}],"version-history":[{"count":0,"href":"https:\/\/hostnetart.com.br\/baixada\/wp-json\/wp\/v2\/posts\/2065\/revisions"}],"wp:attachment":[{"href":"https:\/\/hostnetart.com.br\/baixada\/wp-json\/wp\/v2\/media?parent=2065"}],"wp:term":[{"taxonomy":"category","embeddable":true,"href":"https:\/\/hostnetart.com.br\/baixada\/wp-json\/wp\/v2\/categories?post=2065"},{"taxonomy":"post_tag","embeddable":true,"href":"https:\/\/hostnetart.com.br\/baixada\/wp-json\/wp\/v2\/tags?post=2065"}],"curies":[{"name":"wp","href":"https:\/\/api.w.org\/{rel}","templated":true}]}}