{"id":2063,"date":"2015-08-04T21:41:00","date_gmt":"2015-08-05T00:41:00","guid":{"rendered":"https:\/\/hostnetart.com.br\/baixada\/bradesco-compra-o-hsbc-e-contra-cut-pede-reuniao-para-discutir-empregos\/"},"modified":"2015-08-04T21:41:00","modified_gmt":"2015-08-05T00:41:00","slug":"bradesco-compra-o-hsbc-e-contra-cut-pede-reuniao-para-discutir-empregos","status":"publish","type":"post","link":"https:\/\/hostnetart.com.br\/baixada\/bradesco-compra-o-hsbc-e-contra-cut-pede-reuniao-para-discutir-empregos\/","title":{"rendered":"Bradesco compra o HSBC e Contra-CUT pede reuni\u00e3o para discutir empregos"},"content":{"rendered":"<p>A Contraf-CUT divulgou nota na manh\u00e3 desta segunda-feira (3) para se manifestar sobre a compra da parte brasileira do HSBC pelo Bradesco. <br \/>A confedera\u00e7\u00e3o solicitou uma reuni\u00e3o amanh\u00e3 para discutir a quest\u00e3o dos empregos. E\u00eds a \u00edntegra da nota: <\/p>\n<p>As dire\u00e7\u00f5es do Bradesco e do HSBC j\u00e1 fizeram contato com a Confedera\u00e7\u00e3o Nacional dos Trabalhadores do Ramo Financeiro (Contraf-CUT) para tratar da transa\u00e7\u00e3o entre as duas institui\u00e7\u00f5es. A Contraf-CUT solicitou uma reuni\u00e3o com os dois bancos amanh\u00e3, para discutir a quest\u00e3o dos empregos.<\/p>\n<p>\u201cA transa\u00e7\u00e3o nos surpreendeu pela quantia envolvida. Se o banco tem um valor acima do esperado \u00e9 porque seus trabalhadores possuem muita qualidade. S\u00e3o eles que fazem o trabalho na institui\u00e7\u00e3o. Isso ajuda muito a negocia\u00e7\u00e3o, no momento, pela manuten\u00e7\u00e3o dos postos de trabalho\u201d, afirmou o presidente da Contraf-CUT, Roberto von der Osten. <\/p>\n<p>A Contraf-CUT, ressaltou Roberto, vai continuar, como sempre esteve durante todo o processo, muito preocupada com a luta pela defesa dos empregos. <\/p>\n<p>Fonte: Contraf-CUT<\/p>\n","protected":false},"excerpt":{"rendered":"<p>A Contraf-CUT divulgou nota na manh\u00e3 desta segunda-feira (3) para se manifestar sobre a compra da parte brasileira do HSBC pelo Bradesco. A confedera\u00e7\u00e3o solicitou uma reuni\u00e3o amanh\u00e3 para discutir a quest\u00e3o dos empregos. E\u00eds a \u00edntegra da nota: As dire\u00e7\u00f5es do Bradesco e do HSBC j\u00e1 fizeram contato com a Confedera\u00e7\u00e3o Nacional dos Trabalhadores [&hellip;]<\/p>\n","protected":false},"author":1,"featured_media":0,"comment_status":"","ping_status":"","sticky":false,"template":"","format":"standard","meta":{"footnotes":""},"categories":[3],"tags":[],"class_list":["post-2063","post","type-post","status-publish","format-standard","hentry","category-noticias"],"_links":{"self":[{"href":"https:\/\/hostnetart.com.br\/baixada\/wp-json\/wp\/v2\/posts\/2063","targetHints":{"allow":["GET"]}}],"collection":[{"href":"https:\/\/hostnetart.com.br\/baixada\/wp-json\/wp\/v2\/posts"}],"about":[{"href":"https:\/\/hostnetart.com.br\/baixada\/wp-json\/wp\/v2\/types\/post"}],"author":[{"embeddable":true,"href":"https:\/\/hostnetart.com.br\/baixada\/wp-json\/wp\/v2\/users\/1"}],"replies":[{"embeddable":true,"href":"https:\/\/hostnetart.com.br\/baixada\/wp-json\/wp\/v2\/comments?post=2063"}],"version-history":[{"count":0,"href":"https:\/\/hostnetart.com.br\/baixada\/wp-json\/wp\/v2\/posts\/2063\/revisions"}],"wp:attachment":[{"href":"https:\/\/hostnetart.com.br\/baixada\/wp-json\/wp\/v2\/media?parent=2063"}],"wp:term":[{"taxonomy":"category","embeddable":true,"href":"https:\/\/hostnetart.com.br\/baixada\/wp-json\/wp\/v2\/categories?post=2063"},{"taxonomy":"post_tag","embeddable":true,"href":"https:\/\/hostnetart.com.br\/baixada\/wp-json\/wp\/v2\/tags?post=2063"}],"curies":[{"name":"wp","href":"https:\/\/api.w.org\/{rel}","templated":true}]}}