{"id":2062,"date":"2015-07-30T21:40:00","date_gmt":"2015-07-31T00:40:00","guid":{"rendered":"https:\/\/hostnetart.com.br\/baixada\/contraf-ira-avaliar-proposta-da-fenaban-sobre-pcmso\/"},"modified":"2015-07-30T21:40:00","modified_gmt":"2015-07-31T00:40:00","slug":"contraf-ira-avaliar-proposta-da-fenaban-sobre-pcmso","status":"publish","type":"post","link":"https:\/\/hostnetart.com.br\/baixada\/contraf-ira-avaliar-proposta-da-fenaban-sobre-pcmso\/","title":{"rendered":"Contraf ir\u00e1 avaliar proposta da Fenaban sobre PCMSO"},"content":{"rendered":"<p>A Contraf-CUT ir\u00e1 avaliar uma proposta da Fenaban de formul\u00e1rio de avalia\u00e7\u00e3o do PCMSO (Programa de Controle M\u00e9dico em Sa\u00fade Ocupacional), feita pela institui\u00e7\u00e3o, nesta quarta-feira (29), durante a mesa de negocia\u00e7\u00e3o bipartite de Sa\u00fade do Trabalhador, com a participa\u00e7\u00e3o de representantes de federa\u00e7\u00f5es e sindicatos. A Conven\u00e7\u00e3o Coletiva de Trabalho (CCT) prev\u00ea a avalia\u00e7\u00e3o desse programa junto aos bancos. <\/p>\n<p>\u201cN\u00f3s vamos avaliar a proposta da Fenaban. E ficamos de fazer uma contraproposta de formul\u00e1rio. Deixamos claro que queremos discutir, mas de acordo com os princ\u00edpios da Conven\u00e7\u00e3o 161 da OIT\u201d, explicou Walcir Previtale, secret\u00e1rio de Sa\u00fade do trabalhador da Contraf-CUT.<\/p>\n<p>Outro ponto discutido foi o acordo de coopera\u00e7\u00e3o t\u00e9cnica em reabilita\u00e7\u00e3o profissional. \u201cNesse caso, a Fenaban insiste para assinarmos um acordo, envolvendo tamb\u00e9m o INSS. Mas recusamos. N\u00e3o queremos discutir esse termo de coopera\u00e7\u00e3o, pois defendemos que as pol\u00edticas de reabilita\u00e7\u00e3o profissional s\u00e3o atribui\u00e7\u00f5es do Estado. N\u00e3o queremos trazer para a esfera privada, o que \u00e9 uma pol\u00edtica do Estado\u201d, argumentou o secret\u00e1rio da Contraf.<\/p>\n<p>Tamb\u00e9m foi abordada a cl\u00e1usula 61 da CCT, par\u00e1grafo 8\u00ba., que prev\u00ea que as partes procurariam a Previd\u00eancia Social para solucionar a quest\u00e3o do adiantamento emergencial de sal\u00e1rios nos per\u00edodos transit\u00f3rios de afastamento por doen\u00e7a. \u00c9 quando o banco antecipa o pagamento, em raz\u00e3o da demora para a realiza\u00e7\u00e3o de per\u00edcias.<\/p>\n<p>\u201cDurante a negocia\u00e7\u00e3o, informamos que o pedido deles para irmos juntos a Bras\u00edlia para buscar uma solu\u00e7\u00e3o ser\u00e1 remetido ao Comando Nacional para uma avalia\u00e7\u00e3o mais aprofundada da quest\u00e3o\u201d, explicou Walcir. Nesta quinta-feira (30), haver\u00e1 nova reuni\u00e3o do grupo de trabalho sobre an\u00e1lise dos afastamentos. <\/p>\n<p>Fonte: Contraf-CUT<\/p>\n","protected":false},"excerpt":{"rendered":"<p>A Contraf-CUT ir\u00e1 avaliar uma proposta da Fenaban de formul\u00e1rio de avalia\u00e7\u00e3o do PCMSO (Programa de Controle M\u00e9dico em Sa\u00fade Ocupacional), feita pela institui\u00e7\u00e3o, nesta quarta-feira (29), durante a mesa de negocia\u00e7\u00e3o bipartite de Sa\u00fade do Trabalhador, com a participa\u00e7\u00e3o de representantes de federa\u00e7\u00f5es e sindicatos. A Conven\u00e7\u00e3o Coletiva de Trabalho (CCT) prev\u00ea a avalia\u00e7\u00e3o [&hellip;]<\/p>\n","protected":false},"author":1,"featured_media":0,"comment_status":"","ping_status":"","sticky":false,"template":"","format":"standard","meta":{"footnotes":""},"categories":[3],"tags":[],"class_list":["post-2062","post","type-post","status-publish","format-standard","hentry","category-noticias"],"_links":{"self":[{"href":"https:\/\/hostnetart.com.br\/baixada\/wp-json\/wp\/v2\/posts\/2062","targetHints":{"allow":["GET"]}}],"collection":[{"href":"https:\/\/hostnetart.com.br\/baixada\/wp-json\/wp\/v2\/posts"}],"about":[{"href":"https:\/\/hostnetart.com.br\/baixada\/wp-json\/wp\/v2\/types\/post"}],"author":[{"embeddable":true,"href":"https:\/\/hostnetart.com.br\/baixada\/wp-json\/wp\/v2\/users\/1"}],"replies":[{"embeddable":true,"href":"https:\/\/hostnetart.com.br\/baixada\/wp-json\/wp\/v2\/comments?post=2062"}],"version-history":[{"count":0,"href":"https:\/\/hostnetart.com.br\/baixada\/wp-json\/wp\/v2\/posts\/2062\/revisions"}],"wp:attachment":[{"href":"https:\/\/hostnetart.com.br\/baixada\/wp-json\/wp\/v2\/media?parent=2062"}],"wp:term":[{"taxonomy":"category","embeddable":true,"href":"https:\/\/hostnetart.com.br\/baixada\/wp-json\/wp\/v2\/categories?post=2062"},{"taxonomy":"post_tag","embeddable":true,"href":"https:\/\/hostnetart.com.br\/baixada\/wp-json\/wp\/v2\/tags?post=2062"}],"curies":[{"name":"wp","href":"https:\/\/api.w.org\/{rel}","templated":true}]}}