{"id":2061,"date":"2015-07-30T21:09:00","date_gmt":"2015-07-31T00:09:00","guid":{"rendered":"https:\/\/hostnetart.com.br\/baixada\/bancarios-realizam-a-17-conferencia-nacional-entre-31-de-julho-e-2-de-agosto\/"},"modified":"2015-07-30T21:09:00","modified_gmt":"2015-07-31T00:09:00","slug":"bancarios-realizam-a-17-conferencia-nacional-entre-31-de-julho-e-2-de-agosto","status":"publish","type":"post","link":"https:\/\/hostnetart.com.br\/baixada\/bancarios-realizam-a-17-conferencia-nacional-entre-31-de-julho-e-2-de-agosto\/","title":{"rendered":"Banc\u00e1rios realizam a 17\u00aa Confer\u00eancia Nacional entre 31 de julho e 2 de agosto"},"content":{"rendered":"<p>\u201cUnidade nacional para garantir direitos e avan\u00e7ar nas conquistas\u201d, este \u00e9 o mote da 17\u00aa Confer\u00eancia Nacional dos Banc\u00e1rios, que definir\u00e1 a estrat\u00e9gia e a pauta de reivindica\u00e7\u00f5es da Campanha Nacional 2015. O encontro ser\u00e1 realizado entre os dias 31 de julho e 02 de agosto, no Hotel Holiday Inn Parque Anhembi, na cidade de S\u00e3o Paulo.<\/p>\n<p>A Confer\u00eancia ter\u00e1 a participa\u00e7\u00e3o de 635 delegados e delegadas, que foram eleitos em confer\u00eancias regionais por todo o Pa\u00eds, al\u00e9m de 61 observadores, vindos tamb\u00e9m de outros pa\u00edses. O presidente da Contraf-CUT, Roberto von der Osten, destaca a import\u00e2ncia do debate democr\u00e1tico que permeia a constru\u00e7\u00e3o da pauta unificada dos banc\u00e1rios. <\/p>\n<p>\u201cA nossa Campanha Nacional \u00e9 singular e muito especializada. Come\u00e7a com o Comando se reunindo no come\u00e7o do ano, debatendo a conjuntura e apontando calend\u00e1rio e temas do per\u00edodo. A seguir come\u00e7a a movimenta\u00e7\u00e3o nos sindicatos e federa\u00e7\u00f5es, reuni\u00f5es debatem estrat\u00e9gias locais. Em seguida iniciam-se as confer\u00eancias no \u00e2mbito dos sindicatos e depois nas federa\u00e7\u00f5es. Nossa Minuta \u00e9 discutida ampla e democraticamente\u201d, aponta. <\/p>\n<p>\u201cA Confer\u00eancia Nacional \u00e9 o coroamento do processo construtivo das reivindica\u00e7\u00f5es. \u00c9 o momento que estaremos vivendo um profundo debate sobre as pol\u00eamicas e novidades que vieram das federa\u00e7\u00f5es para finalizar a nossa Minuta de Reivindica\u00e7\u00f5es. Depois \u00e9 entregar para os banqueiros, iniciar as negocia\u00e7\u00f5es, articular a nossa hist\u00f3rica unidade nacional e botar em campo a nossa forte mobiliza\u00e7\u00e3o. \u00c9 hora de continuar a nossa hist\u00f3ria de conquistas\u201d, conclama o presidente da Contraf-CUT.<\/p>\n<p>Para a vice-presidenta da Contraf-CUT e presidenta do Sindicato dos Banc\u00e1rios de S\u00e3o Paulo, Juvandia Moreira, as discuss\u00f5es da Confer\u00eancia fortalecem a campanha dos banc\u00e1rios nas ruas. <br \/>\u201cEsperamos ter uma \u00f3tima Confer\u00eancia, com muitos debates sobre os temas que preocupam os banc\u00e1rios. A categoria est\u00e1 preocupada com o emprego, com aumento real, PLR. Que saiamos unidos para fazermos uma campanha nacional vitoriosa\u201d, ressalta. <\/p>\n<p><strong>Pain\u00e9is<\/strong><\/p>\n<p>A 17\u00aa Confer\u00eancia Nacional dos Banc\u00e1rios contar\u00e1 com diversos pain\u00e9is sobre assuntos relacionados ao mundo do trabalho, economia e pol\u00edtica. Especialistas em diversas \u00e1reas, e at\u00e9 de outros pa\u00edses, foram convidados pela Contraf-CUT e pelo Comando Nacional dos Banc\u00e1rios para discutir os temas no primeiro dia da Confer\u00eancia.<\/p>\n<p>Do M\u00e9xico, o advogado especializado em rela\u00e7\u00f5es de trabalho, Eugenio Narcia Tovar, ir\u00e1 destacar como a terceiriza\u00e7\u00e3o tem prejudicado os trabalhadores daquele pa\u00eds. Membro da Associa\u00e7\u00e3o Latino-Americana dos Advogados Laboralistas (ALAL), Maximiliano Nagl Garcez, falar\u00e1 sobre os riscos da terceiriza\u00e7\u00e3o para o continente, em especial para o Brasil.<\/p>\n<p>O banc\u00e1rio e presidente da CUT, Vagner Freitas e o auditor do Instituto Justi\u00e7a Fiscal, Paulo Gil, discutir\u00e3o reforma tribut\u00e1ria e desenvolvimento econ\u00f4mico. <\/p>\n<p>Para o painel de estrutura do sistema financeiro nacional, estar\u00e3o na mesa o professor Fernando Nogueira da Costa, do Instituto de Economia da Unicamp, o secret\u00e1rio-geral da CUT, S\u00e9rgio Nobre, o presidente da Confedera\u00e7\u00e3o dos Trabalhadores no Com\u00e9rcio e Servi\u00e7os (Contracs-CUT), Alci Matos e o presidente da Confedera\u00e7\u00e3o Nacional dos Metal\u00fargicos (CNM-CUT), Paulo Cayres.<\/p>\n<p>Ap\u00f3s os pain\u00e9is, os delegados e delegadas far\u00e3o a vota\u00e7\u00e3o do regimento interno.<\/p>\n<p><strong>Consulta e grupos de trabalho<\/strong><\/p>\n<p>No s\u00e1bado (1\u00ba de agosto), ser\u00e1 divulgado o resultado da consulta nacional, realizada com banc\u00e1rios de todo o pa\u00eds, com as prioridades para a Campanha Nacional 2015. Os trabalhadores responderamquest\u00f5es sobre reajuste salarial, emprego, sa\u00fade, seguran\u00e7a e condi\u00e7\u00f5es de trabalho.<\/p>\n<p>\u201cA base \u00e9 consultada atrav\u00e9s de um formul\u00e1rio, onde aponta suas expectativas e quais as prioridades econ\u00f4micas, sociais e pol\u00edticas que v\u00ea para 2015. Conseguimos criar a ades\u00e3o e o pertencimento dos banc\u00e1rios e banc\u00e1rias \u00e0 nossa luta coletiva, o que \u00e9 fundamental\u201d, ressalta Roberto von der Osten.<\/p>\n<p>O segundo dia da Confer\u00eancia tamb\u00e9m contar\u00e1 com trabalho em grupos. Dirigentes sindicais discutir\u00e3o as demandas da categoria, definidas nas confer\u00eancias regionais. Os temas ser\u00e3o aprofundados em reuni\u00f5es, da seguinte maneira:<\/p>\n<p><strong>Grupo 1<\/strong> &#8211; Emprego;<br \/><strong>Grupo 2<\/strong> &#8211; Sa\u00fade do Trabalhador, Seguran\u00e7a Banc\u00e1ria e Condi\u00e7\u00f5es de Trabalho;<br \/><strong>Grupo 3<\/strong> &#8211; Remunera\u00e7\u00e3o;<br \/><strong>Grupo 4<\/strong> &#8211; Estrat\u00e9gia para Organiza\u00e7\u00e3o da Luta.<\/p>\n<p><strong>M\u00eddia e plen\u00e1ria final<\/strong><\/p>\n<p>A proposta de m\u00eddia nacional ser\u00e1 apresentada no domingo (2) e ter\u00e1 o objetivo de chamar a aten\u00e7\u00e3o n\u00e3o s\u00f3 dos banqueiros, mas de toda a sociedade para as demandas dos banc\u00e1rios.Da plen\u00e1ria final sair\u00e3oa estrat\u00e9gia de lutas, o calend\u00e1rio e a pauta de reivindica\u00e7\u00f5es da Campanha Nacional 2015, que ser\u00e1 entregue \u00e0 Fenaban.<\/p>\n<p><strong>Programa\u00e7\u00e3o \u2013 17\u00aa Confer\u00eancia Nacional dos Banc\u00e1rios <\/strong><\/p>\n<p><strong>Sexta-feira \u2013 31 de julho<\/strong><\/p>\n<p>8h30 \u00e0s 18h \u2013 Credenciamento<br \/>10h \u00e0s 12h Painel: Terceiriza\u00e7\u00e3o .<\/p>\n<p>\u201cAs consequ\u00eancias dos processos de terceiriza\u00e7\u00e3o \u2013 Estudo de Caso no M\u00e9xico\u201d:- Eugenio Narcia Tovar \u2013 Advogado, especialista em rela\u00e7\u00f5es de trabalho no M\u00e9xico;<\/p>\n<p>\u201cO Brasil frente aos riscos da PLC 30\/2015\u2033:- Maximiliano Nagl Garcez \u2013 Especialista em Rela\u00e7\u00f5es de Trabalho, advogado membro da Associa\u00e7\u00e3o Latino-Americana dos Advogados Laboralistas \u2013 ALAL<\/p>\n<p>14h \u00e0s 16h \u2013 Painel:Reforma Tribut\u00e1ria e Desenvolvimento Econ\u00f4mico<br \/>&#8211; Paulo Gil \u2013 Auditor Fiscal e Membro do Instituto Justi\u00e7a Fiscal<br \/>&#8211; Vagner Freitas \u2013 Presidente da CUT Nacional<\/p>\n<p>16h \u00e0s 18h &#8211; <strong>Painel: Estrutura do Sistema Financeiro Nacional<\/strong><\/p>\n<p>&#8211; Prof. Dr. Fernando Nogueira da Costa \u2013 Instituto de Economia da Unicamp\/SP<br \/>&#8211; Sergio Nobre \u2013 Secret\u00e1rio Geral da CUT Nacional e coordenador dos Macrossetores<br \/>&#8211; Alci Matos \u2013 Presidente da Conf. Trabalhadores no Com\u00e9rcio e Servi\u00e7os da CUT<br \/>&#8211; Paulo Cayres \u2013 Presidente da Conf. Nacional dos Metal\u00fargicos da CUT<\/p>\n<p>18h \u2013 Vota\u00e7\u00e3o do Regimento Interno<br \/>19h \u2013 Abertura Solene<\/p>\n<p><strong>S\u00e1bado- 1\u00ba de ago<\/strong>sto<\/p>\n<p>08h30 \u00e0s 11h30 \u2013 Credenciamento<br \/>09h \u2013 Apresenta\u00e7\u00e3o da Consulta Nacional<br \/>09h30 \u00e0s 14h \u2013 Trabalho em Grupos:<br \/>Grupo 1 \u2013 Emprego;<br \/>Grupo 2 \u2013 Sa\u00fade do Trabalhador, Seguran\u00e7a Banc\u00e1ria e Condi\u00e7\u00f5es de Trabalho;<br \/>Grupo 3 \u2013 Remunera\u00e7\u00e3o;<br \/>Grupo 4 \u2013 Estrat\u00e9gia para Organiza\u00e7\u00e3o da Luta.<\/p>\n<p>16h \u2013 Debates das Correntes Pol\u00edticas<\/p>\n<p><strong>Domingo \u2013 02 de agosto<\/strong><\/p>\n<p>9h30 \u00e0s 10h \u2013 Apresenta\u00e7\u00e3o da campanha de m\u00eddia<br \/>10h \u00e0s 13h \u2013 Plen\u00e1ria Final e Encerramento. <\/p>\n<p>Fonte: Contraf-CUT<\/p>\n","protected":false},"excerpt":{"rendered":"<p>\u201cUnidade nacional para garantir direitos e avan\u00e7ar nas conquistas\u201d, este \u00e9 o mote da 17\u00aa Confer\u00eancia Nacional dos Banc\u00e1rios, que definir\u00e1 a estrat\u00e9gia e a pauta de reivindica\u00e7\u00f5es da Campanha Nacional 2015. O encontro ser\u00e1 realizado entre os dias 31 de julho e 02 de agosto, no Hotel Holiday Inn Parque Anhembi, na cidade de [&hellip;]<\/p>\n","protected":false},"author":1,"featured_media":0,"comment_status":"","ping_status":"","sticky":false,"template":"","format":"standard","meta":{"footnotes":""},"categories":[3],"tags":[],"class_list":["post-2061","post","type-post","status-publish","format-standard","hentry","category-noticias"],"_links":{"self":[{"href":"https:\/\/hostnetart.com.br\/baixada\/wp-json\/wp\/v2\/posts\/2061","targetHints":{"allow":["GET"]}}],"collection":[{"href":"https:\/\/hostnetart.com.br\/baixada\/wp-json\/wp\/v2\/posts"}],"about":[{"href":"https:\/\/hostnetart.com.br\/baixada\/wp-json\/wp\/v2\/types\/post"}],"author":[{"embeddable":true,"href":"https:\/\/hostnetart.com.br\/baixada\/wp-json\/wp\/v2\/users\/1"}],"replies":[{"embeddable":true,"href":"https:\/\/hostnetart.com.br\/baixada\/wp-json\/wp\/v2\/comments?post=2061"}],"version-history":[{"count":0,"href":"https:\/\/hostnetart.com.br\/baixada\/wp-json\/wp\/v2\/posts\/2061\/revisions"}],"wp:attachment":[{"href":"https:\/\/hostnetart.com.br\/baixada\/wp-json\/wp\/v2\/media?parent=2061"}],"wp:term":[{"taxonomy":"category","embeddable":true,"href":"https:\/\/hostnetart.com.br\/baixada\/wp-json\/wp\/v2\/categories?post=2061"},{"taxonomy":"post_tag","embeddable":true,"href":"https:\/\/hostnetart.com.br\/baixada\/wp-json\/wp\/v2\/tags?post=2061"}],"curies":[{"name":"wp","href":"https:\/\/api.w.org\/{rel}","templated":true}]}}