{"id":2058,"date":"2015-07-30T21:01:00","date_gmt":"2015-07-31T00:01:00","guid":{"rendered":"https:\/\/hostnetart.com.br\/baixada\/contraf-cut-analisara-dados-sobre-assedio-moral-apresentados-pela-fenaban\/"},"modified":"2015-07-30T21:01:00","modified_gmt":"2015-07-31T00:01:00","slug":"contraf-cut-analisara-dados-sobre-assedio-moral-apresentados-pela-fenaban","status":"publish","type":"post","link":"https:\/\/hostnetart.com.br\/baixada\/contraf-cut-analisara-dados-sobre-assedio-moral-apresentados-pela-fenaban\/","title":{"rendered":"Contraf-CUT analisar\u00e1 dados sobre ass\u00e9dio moral apresentados pela Fenaban"},"content":{"rendered":"<p>Na negocia\u00e7\u00e3o realizada hoje (28), sobre o instrumento de combate ao ass\u00e9dio moral, previsto na cl\u00e1usula 56\u00aa da Conven\u00e7\u00e3o Coletiva de Trabalho, a Fenaban apresentou \u00e0 Contraf-CUT, federa\u00e7\u00f5es e sindicatos, os dados estat\u00edsticos setoriais sobre as den\u00fancias relativas ao primeiro semestre de 2015, para que possa ser feita avalia\u00e7\u00e3o do andamento do programa. <\/p>\n<p>Atendendo a reivindica\u00e7\u00e3o dos banc\u00e1rios das \u00faltimas negocia\u00e7\u00f5es, a Fenaban apresentou tamb\u00e9m dados sobre as den\u00fancias consideradas procedentes enviadas pelos sindicatos e o encaminhamento dado pelo banco a respeito do funcion\u00e1rio denunciado. Todos os dados ser\u00e3o analisados pelo Coletivo Nacional de Sa\u00fade, com a assessoria do Dieese. <\/p>\n<p>\u201cFoi um passo importante, precisamos de indicadores para aprimorar e fortalecer o instrumento, em seu principal objetivo, que \u00e9 a preven\u00e7\u00e3o\u201d destaca Walcir Previtale, Secret\u00e1rio de Sa\u00fade do Trabalhador, da Contraf-CUT.<\/p>\n<p>Os banc\u00e1rios apresentaram uma s\u00e9rie de cr\u00edticas e sugest\u00f5es ao funcionamento do programa, como a necessidade de diminuir o prazo de apura\u00e7\u00e3o das den\u00fancias, que atualmente \u00e9 de 45 dias, a solicita\u00e7\u00e3o da estratifica\u00e7\u00e3o das den\u00fancias, para que possa ter conhecimento sobre as variadas formas de ass\u00e9dio, a reivindica\u00e7\u00e3o que os sindicatos que encaminhem den\u00fancias recebam retorno por escrito e de forma fundamentada sobre os encaminhamentos dados pelos bancos e ainda, que na avalia\u00e7\u00e3o semestral a Fenaban apresente o encaminhamento dado ao empregado denunciado pelo canal interno dos bancos.<\/p>\n<p>\u201cEstes pontos no nosso entender s\u00e3o fundamentais para que a avalia\u00e7\u00e3o do instrumento de combate ao ass\u00e9dio moral seja efetiva e a an\u00e1lise seja feita em profundidade. O instrumento foi uma conquista da campanha nacional de 2011 e foi um importante avan\u00e7o no combate a esta pr\u00e1tica, mas \u00e9 preciso aprimor\u00e1-lo, a partir dos novos conhecimentos que dispomos\u201d\u201d afirma Walcir.<\/p>\n<p>As negocia\u00e7\u00f5es com a Fenaban sobre o tema ser\u00e3o retomadas depois do encerramento da Campanha Nacional 2015. <\/p>\n<p>Fonte: Contraf-CUT<\/p>\n","protected":false},"excerpt":{"rendered":"<p>Na negocia\u00e7\u00e3o realizada hoje (28), sobre o instrumento de combate ao ass\u00e9dio moral, previsto na cl\u00e1usula 56\u00aa da Conven\u00e7\u00e3o Coletiva de Trabalho, a Fenaban apresentou \u00e0 Contraf-CUT, federa\u00e7\u00f5es e sindicatos, os dados estat\u00edsticos setoriais sobre as den\u00fancias relativas ao primeiro semestre de 2015, para que possa ser feita avalia\u00e7\u00e3o do andamento do programa. Atendendo a [&hellip;]<\/p>\n","protected":false},"author":1,"featured_media":0,"comment_status":"","ping_status":"","sticky":false,"template":"","format":"standard","meta":{"footnotes":""},"categories":[3],"tags":[],"class_list":["post-2058","post","type-post","status-publish","format-standard","hentry","category-noticias"],"_links":{"self":[{"href":"https:\/\/hostnetart.com.br\/baixada\/wp-json\/wp\/v2\/posts\/2058","targetHints":{"allow":["GET"]}}],"collection":[{"href":"https:\/\/hostnetart.com.br\/baixada\/wp-json\/wp\/v2\/posts"}],"about":[{"href":"https:\/\/hostnetart.com.br\/baixada\/wp-json\/wp\/v2\/types\/post"}],"author":[{"embeddable":true,"href":"https:\/\/hostnetart.com.br\/baixada\/wp-json\/wp\/v2\/users\/1"}],"replies":[{"embeddable":true,"href":"https:\/\/hostnetart.com.br\/baixada\/wp-json\/wp\/v2\/comments?post=2058"}],"version-history":[{"count":0,"href":"https:\/\/hostnetart.com.br\/baixada\/wp-json\/wp\/v2\/posts\/2058\/revisions"}],"wp:attachment":[{"href":"https:\/\/hostnetart.com.br\/baixada\/wp-json\/wp\/v2\/media?parent=2058"}],"wp:term":[{"taxonomy":"category","embeddable":true,"href":"https:\/\/hostnetart.com.br\/baixada\/wp-json\/wp\/v2\/categories?post=2058"},{"taxonomy":"post_tag","embeddable":true,"href":"https:\/\/hostnetart.com.br\/baixada\/wp-json\/wp\/v2\/tags?post=2058"}],"curies":[{"name":"wp","href":"https:\/\/api.w.org\/{rel}","templated":true}]}}