{"id":2057,"date":"2015-07-30T20:56:00","date_gmt":"2015-07-30T23:56:00","guid":{"rendered":"https:\/\/hostnetart.com.br\/baixada\/aposentados-protestam-contra-aumento-do-plano-de-saude-do-itau\/"},"modified":"2015-07-30T20:56:00","modified_gmt":"2015-07-30T23:56:00","slug":"aposentados-protestam-contra-aumento-do-plano-de-saude-do-itau","status":"publish","type":"post","link":"https:\/\/hostnetart.com.br\/baixada\/aposentados-protestam-contra-aumento-do-plano-de-saude-do-itau\/","title":{"rendered":"Aposentados protestam contra aumento do plano de sa\u00fade do Ita\u00fa"},"content":{"rendered":"<p>Em protesto contra o reajuste abusivo nos valores do plano de sa\u00fade dos aposentados do Ita\u00fa, o Sindicato dos Banc\u00e1rios de Belo Horizonte realizou ato nesta ter\u00e7a-feira (28), em frente \u00e0 ag\u00eancia da avenida Amazonas. A manifesta\u00e7\u00e3o contou com a presen\u00e7a de funcion\u00e1rios aposentados vestidos com roupas brancas, que demonstraram sua insatisfa\u00e7\u00e3o diante do aumento de 61,62% nas mensalidades, ocorrido em maio deste ano.<\/p>\n<p>Durante a manifesta\u00e7\u00e3o, os dirigentes sindicais distribu\u00edram carta aberta \u00e0 popula\u00e7\u00e3o denunciando o abuso praticado pelo Ita\u00fa. A popula\u00e7\u00e3o tamb\u00e9m teve a oportunidade de aferir a press\u00e3o arterial com profissionais especializados. Ao final do ato, os manifestantes entraram na ag\u00eancia carregando bal\u00f5es brancos e esclareceram clientes e funcion\u00e1rios sobre o protesto.<\/p>\n<p>Para defender o direito dos aposentados, o Sindicato acionou a 20\u00aa Vara do Trabalho de Belo Horizonte, onde j\u00e1 tramita uma a\u00e7\u00e3o que fixou em definitivo os \u00edndices da Ag\u00eancia Nacional de Sa\u00fade Suplementar (ANS) como limite m\u00e1ximo para aumento das mensalidades do plano de sa\u00fade, denunciando a insist\u00eancia do banco em descumprir a decis\u00e3o judicial. Para 2015, o aumento autorizado foi de, no m\u00e1ximo, 13,55%. A audi\u00eancia foi marcada para o dia 30 de setembro, mas o Sindicato j\u00e1 entrou em contato com a justi\u00e7a pleiteando sua antecipa\u00e7\u00e3o.<\/p>\n<p>\u201cO reajuste de 61,62% ultrapassa qualquer limite razo\u00e1vel e vai contra determina\u00e7\u00e3o da ANS. A cada dia, o Ita\u00fa se supera. Primeiro, adoece o banc\u00e1rio com a press\u00e3o insuport\u00e1vel para o atingimento metas absurdas. Depois, sucateia o plano de sa\u00fade, dificultando que o banc\u00e1rio adoecido encontre tratamento adequado. Agora, imp\u00f5e um aumento injustific\u00e1vel no plano de sa\u00fade do aposentado, tornando imposs\u00edvel o seu pagamento. Como se n\u00e3o bastassem todos estes absurdos, o banco desrespeita uma decis\u00e3o judicial\u201d, afirmou Ted Silvino, que \u00e9 funcion\u00e1rio do Ita\u00fa e diretor do Sindicato dos Banc\u00e1rios de Belo Horizonte.<\/p>\n<p>Desde 2003, os banc\u00e1rios lutam na justi\u00e7a para garantir a manuten\u00e7\u00e3o do plano de sa\u00fade para os aposentados e para limitar o reajuste das mensalidades dos aposentados aos \u00edndices estabelecidos pela ANS para os planos individuais. Embora o banco tenha cumprido essa decis\u00e3o entre 2006 e 2012, desde ent\u00e3o ele vem sucessivamente reajustando as mensalidades acima do valor autorizado pela Justi\u00e7a.<\/p>\n<p>O desrespeito do Ita\u00fa para com os trabalhadores e \u00e0s normas estabelecidas n\u00e3o tem qualquer justificativa plaus\u00edvel diante dos lucros bilion\u00e1rios obtidos pelo banco nos \u00faltimos anos. Apenas no 1\u00ba trimestre de 2015, o Ita\u00fa lucrou R$ 5,7 bilh\u00f5es, sendo um valor recorde entre os bancos para o per\u00edodo. Em 2014, o lucro do banco ultrapassou os R$ 20 bilh\u00f5es e para este ano a expectativa \u00e9 de um lucro superior a R$ 22 bilh\u00f5es. <\/p>\n<p>Fonte: Seeb BH<\/p>\n","protected":false},"excerpt":{"rendered":"<p>Em protesto contra o reajuste abusivo nos valores do plano de sa\u00fade dos aposentados do Ita\u00fa, o Sindicato dos Banc\u00e1rios de Belo Horizonte realizou ato nesta ter\u00e7a-feira (28), em frente \u00e0 ag\u00eancia da avenida Amazonas. A manifesta\u00e7\u00e3o contou com a presen\u00e7a de funcion\u00e1rios aposentados vestidos com roupas brancas, que demonstraram sua insatisfa\u00e7\u00e3o diante do aumento [&hellip;]<\/p>\n","protected":false},"author":1,"featured_media":0,"comment_status":"","ping_status":"","sticky":false,"template":"","format":"standard","meta":{"footnotes":""},"categories":[3],"tags":[],"class_list":["post-2057","post","type-post","status-publish","format-standard","hentry","category-noticias"],"_links":{"self":[{"href":"https:\/\/hostnetart.com.br\/baixada\/wp-json\/wp\/v2\/posts\/2057","targetHints":{"allow":["GET"]}}],"collection":[{"href":"https:\/\/hostnetart.com.br\/baixada\/wp-json\/wp\/v2\/posts"}],"about":[{"href":"https:\/\/hostnetart.com.br\/baixada\/wp-json\/wp\/v2\/types\/post"}],"author":[{"embeddable":true,"href":"https:\/\/hostnetart.com.br\/baixada\/wp-json\/wp\/v2\/users\/1"}],"replies":[{"embeddable":true,"href":"https:\/\/hostnetart.com.br\/baixada\/wp-json\/wp\/v2\/comments?post=2057"}],"version-history":[{"count":0,"href":"https:\/\/hostnetart.com.br\/baixada\/wp-json\/wp\/v2\/posts\/2057\/revisions"}],"wp:attachment":[{"href":"https:\/\/hostnetart.com.br\/baixada\/wp-json\/wp\/v2\/media?parent=2057"}],"wp:term":[{"taxonomy":"category","embeddable":true,"href":"https:\/\/hostnetart.com.br\/baixada\/wp-json\/wp\/v2\/categories?post=2057"},{"taxonomy":"post_tag","embeddable":true,"href":"https:\/\/hostnetart.com.br\/baixada\/wp-json\/wp\/v2\/tags?post=2057"}],"curies":[{"name":"wp","href":"https:\/\/api.w.org\/{rel}","templated":true}]}}