{"id":2054,"date":"2015-07-28T20:49:00","date_gmt":"2015-07-28T23:49:00","guid":{"rendered":"https:\/\/hostnetart.com.br\/baixada\/dieese-detalha-formula-85-95-para-aposentadoria-e-divulga-nota-tecnica\/"},"modified":"2015-07-28T20:49:00","modified_gmt":"2015-07-28T23:49:00","slug":"dieese-detalha-formula-85-95-para-aposentadoria-e-divulga-nota-tecnica","status":"publish","type":"post","link":"https:\/\/hostnetart.com.br\/baixada\/dieese-detalha-formula-85-95-para-aposentadoria-e-divulga-nota-tecnica\/","title":{"rendered":"Dieese detalha f\u00f3rmula 85\/95 para aposentadoria e divulga nota t\u00e9cnica"},"content":{"rendered":"<p>A regra 85\/95 com progressividade, debatida com as centrais sindicais, incidir\u00e1 majoritariamente no crit\u00e9rio de tempo de contribui\u00e7\u00e3o aumentando a possibilidade, em compara\u00e7\u00e3o com a regra do fator previdenci\u00e1rio criada no governo FHC, de os trabalhadores se aposentarem com valor integral do sal\u00e1rio de benef\u00edcio a que tiverem direito. A nota traz exemplos. No primeiro, um homem que come\u00e7ou a trabalhar aos 16 anos e j\u00e1 cumpriu 35 anos de contribui\u00e7\u00e3o teria 51 anos e, pela regra do fator, precisaria trabalhar aproximadamente mais oito anos para receber aposentadoria integral. Com a regra 85\/95, a soma da idade e do tempo de contribui\u00e7\u00e3o daria 86. Portanto, com mais 4 anos e meio de trabalho adicional atingiria aposentadoria integral.<\/p>\n<p>O segundo foca nas mulheres. Uma trabalhadora que iniciou a vida profissional aos 16 anos e cumpriu 30 anos de contribui\u00e7\u00e3o teria, pela atual regra do fator previdenci\u00e1rio, duas op\u00e7\u00f5es: aposentar-se com perda de quase metade do benef\u00edcio ou trabalhar quase 11 anos a mais para se aposentar com benef\u00edcio integral. Com a nova regra de 85\/95, ela precisaria de mais 4 anos emeio para receber 100% do benef\u00edcio.<\/p>\n<p>A f\u00f3rmula 85\/95 com progressividade est\u00e1 em vigor por meio da Medida Provis\u00f3ria 676\/2015, sendo ainda necess\u00e1rio que passe pela aprecia\u00e7\u00e3o do Congresso Nacional.<\/p>\n<p>Leia aqui a nota do Dieese <\/p>\n<p>Fonte: Seeb SP com Dieese<\/p>\n","protected":false},"excerpt":{"rendered":"<p>A regra 85\/95 com progressividade, debatida com as centrais sindicais, incidir\u00e1 majoritariamente no crit\u00e9rio de tempo de contribui\u00e7\u00e3o aumentando a possibilidade, em compara\u00e7\u00e3o com a regra do fator previdenci\u00e1rio criada no governo FHC, de os trabalhadores se aposentarem com valor integral do sal\u00e1rio de benef\u00edcio a que tiverem direito. A nota traz exemplos. No primeiro, [&hellip;]<\/p>\n","protected":false},"author":1,"featured_media":2053,"comment_status":"","ping_status":"","sticky":false,"template":"","format":"standard","meta":{"footnotes":""},"categories":[3],"tags":[],"class_list":["post-2054","post","type-post","status-publish","format-standard","has-post-thumbnail","hentry","category-noticias"],"_links":{"self":[{"href":"https:\/\/hostnetart.com.br\/baixada\/wp-json\/wp\/v2\/posts\/2054","targetHints":{"allow":["GET"]}}],"collection":[{"href":"https:\/\/hostnetart.com.br\/baixada\/wp-json\/wp\/v2\/posts"}],"about":[{"href":"https:\/\/hostnetart.com.br\/baixada\/wp-json\/wp\/v2\/types\/post"}],"author":[{"embeddable":true,"href":"https:\/\/hostnetart.com.br\/baixada\/wp-json\/wp\/v2\/users\/1"}],"replies":[{"embeddable":true,"href":"https:\/\/hostnetart.com.br\/baixada\/wp-json\/wp\/v2\/comments?post=2054"}],"version-history":[{"count":0,"href":"https:\/\/hostnetart.com.br\/baixada\/wp-json\/wp\/v2\/posts\/2054\/revisions"}],"wp:featuredmedia":[{"embeddable":true,"href":"https:\/\/hostnetart.com.br\/baixada\/wp-json\/wp\/v2\/media\/2053"}],"wp:attachment":[{"href":"https:\/\/hostnetart.com.br\/baixada\/wp-json\/wp\/v2\/media?parent=2054"}],"wp:term":[{"taxonomy":"category","embeddable":true,"href":"https:\/\/hostnetart.com.br\/baixada\/wp-json\/wp\/v2\/categories?post=2054"},{"taxonomy":"post_tag","embeddable":true,"href":"https:\/\/hostnetart.com.br\/baixada\/wp-json\/wp\/v2\/tags?post=2054"}],"curies":[{"name":"wp","href":"https:\/\/api.w.org\/{rel}","templated":true}]}}