{"id":2052,"date":"2015-07-28T20:47:00","date_gmt":"2015-07-28T23:47:00","guid":{"rendered":"https:\/\/hostnetart.com.br\/baixada\/cut-protesta-contra-rumos-da-economia-em-frente-ao-ministerio-da-fazenda\/"},"modified":"2015-07-28T20:47:00","modified_gmt":"2015-07-28T23:47:00","slug":"cut-protesta-contra-rumos-da-economia-em-frente-ao-ministerio-da-fazenda","status":"publish","type":"post","link":"https:\/\/hostnetart.com.br\/baixada\/cut-protesta-contra-rumos-da-economia-em-frente-ao-ministerio-da-fazenda\/","title":{"rendered":"CUT protesta contra rumos da economia em frente ao Minist\u00e9rio da Fazenda"},"content":{"rendered":"<p>Banc\u00e1rios, metal\u00fargicos petroleiros e funcion\u00e1rios dos Correios, entre outras categorias, participam nesta ter\u00e7a-feira (28) de ato de protesto convocado pela CUT em frente \u00e0 sede do Minist\u00e9rio da Fazenda, em Bras\u00edlia, contra os rumos da economia no Brasil. Neste dia, acontece a reuni\u00e3o do Comit\u00ea de Pol\u00edtica Monet\u00e1ria (Copom), quando deve ser divulgada a taxa Selic, que teve suas recentes e constantes altas criticadas pela Contraf e pela CUT.<\/p>\n<p>O presidente da Contraf-CUT, Roberto von der Osten, enfatizou que um aspecto muito negativo da pol\u00edtica econ\u00f4mica que est\u00e1 sendo implementada pelo governo \u00e9 a eleva\u00e7\u00e3o da taxa Selic. \u201cIsto vem transferindo recursos da sociedade para o rentismo. Vem aprofundando uma crise e tem feito a economia patinar, na contram\u00e3o da retomada do crescimento e da inclus\u00e3o social\u201d, afirmou. <\/p>\n<p>Para a CUT, as medidas de ajuste propostas pelo governo deveriam incidir sobre os setores mais abastados da sociedade, que concentraram renda e poder sonegando impostos e se beneficiando de uma pol\u00edtica tribut\u00e1ria regressiva. <\/p>\n<p>A central questiona tamb\u00e9m a efic\u00e1cia da eleva\u00e7\u00e3o da taxa de juros como medida de combate \u00e0 infla\u00e7\u00e3o e seu efeito delet\u00e9rio na economia, ao provocar a eleva\u00e7\u00e3o da d\u00edvida p\u00fablica, limitar o investimento do Estado em infraestrutura e pol\u00edticas p\u00fablicas e inibir o investimento privado na produ\u00e7\u00e3o.<\/p>\n<p>A quem interessa o aumento das taxas de juros<\/p>\n<p>A pr\u00e1tica de taxas elevad\u00edssimas de juros, entre as maiores da economia mundial, ao mesmo tempo que representa mais lucro para o sistema financeiro e para os rentistas tem efeitos extremamente danosos para a sociedade e a economia. O aumento dos juros inibe o consumo e os investimentos, drenam recursos do Estado para o setor financeiro e estimulam o rentismo, em detrimento dos investimentos na produ\u00e7\u00e3o, que poderiam gerar mais empregos, renda e gastos sociais.<\/p>\n<p>Os bancos s\u00e3o diretamente beneficiados pela eleva\u00e7\u00e3o da taxa Selic. Por um lado, suas despesas com capta\u00e7\u00e3o de recursos crescem, j\u00e1 que precisam oferecer taxas mais elevadas aos clientes pelas suas aplica\u00e7\u00f5es. Mas, em contrapartida, suas receitas tamb\u00e9m crescem, especialmente as oriundas das aplica\u00e7\u00f5es em T\u00edtulos e Valores Mobili\u00e1rios (TVM) e das aplica\u00e7\u00f5es ou dep\u00f3sitos compuls\u00f3rios no Banco Central que s\u00e3o, em parte, remunerados pela Selic. <\/p>\n<p>At\u00e9 o final de abril deste ano, os bancos possu\u00edam R$ 45,87 bilh\u00f5es em dep\u00f3sitos compuls\u00f3rios nos cofres da autoridade monet\u00e1ria. Com a \u00faltima alta da Selic, para 13,75%, ao ano a remunera\u00e7\u00e3o dos compuls\u00f3rios sobre dep\u00f3sitos a prazo dever\u00e1 se elevar ainda mais e, com isso, as receitas dos bancos oriundas desses dep\u00f3sitos. <\/p>\n<p>Agenda <\/p>\n<p>Al\u00e9m da manifesta\u00e7\u00e3o na frente da sede do Minist\u00e9rio da Fazenda, no dia 28, a CUT integrar\u00e1 a Marcha das Margaridas, prevista para ocorrer em Bras\u00edlia, entre os dias 11 e 12 de agosto. Desde 2003, primeiro ano da manifesta\u00e7\u00e3o, mais de 140 mil mulheres j\u00e1 ocuparam Bras\u00edlia para cobrar pol\u00edticas p\u00fablicas voltadas a um modelo de desenvolvimento centrado na vida, no respeito \u00e0 diversidade e contra a viol\u00eancia sexista.<\/p>\n<p>O nome da Marcha das Margaridas \u00e9 uma homenagem \u00e0 Margarida Maria Alves, presidenta do Sindicato dos Trabalhadores Rurais de Alagoa Grande, na Para\u00edba, assassinada por um pistoleiro no dia 12 de agosto de 1983. Em sua mem\u00f3ria e para fortalecer a luta, a cada tr\u00eas anos caravanas de mulheres partem de todo o pa\u00eds rumo \u00e0 capital federal.<\/p>\n<p>Fonte: Contraf e CUT Nacional<\/p>\n","protected":false},"excerpt":{"rendered":"<p>Banc\u00e1rios, metal\u00fargicos petroleiros e funcion\u00e1rios dos Correios, entre outras categorias, participam nesta ter\u00e7a-feira (28) de ato de protesto convocado pela CUT em frente \u00e0 sede do Minist\u00e9rio da Fazenda, em Bras\u00edlia, contra os rumos da economia no Brasil. Neste dia, acontece a reuni\u00e3o do Comit\u00ea de Pol\u00edtica Monet\u00e1ria (Copom), quando deve ser divulgada a taxa [&hellip;]<\/p>\n","protected":false},"author":1,"featured_media":2051,"comment_status":"","ping_status":"","sticky":false,"template":"","format":"standard","meta":{"footnotes":""},"categories":[3],"tags":[],"class_list":["post-2052","post","type-post","status-publish","format-standard","has-post-thumbnail","hentry","category-noticias"],"_links":{"self":[{"href":"https:\/\/hostnetart.com.br\/baixada\/wp-json\/wp\/v2\/posts\/2052","targetHints":{"allow":["GET"]}}],"collection":[{"href":"https:\/\/hostnetart.com.br\/baixada\/wp-json\/wp\/v2\/posts"}],"about":[{"href":"https:\/\/hostnetart.com.br\/baixada\/wp-json\/wp\/v2\/types\/post"}],"author":[{"embeddable":true,"href":"https:\/\/hostnetart.com.br\/baixada\/wp-json\/wp\/v2\/users\/1"}],"replies":[{"embeddable":true,"href":"https:\/\/hostnetart.com.br\/baixada\/wp-json\/wp\/v2\/comments?post=2052"}],"version-history":[{"count":0,"href":"https:\/\/hostnetart.com.br\/baixada\/wp-json\/wp\/v2\/posts\/2052\/revisions"}],"wp:featuredmedia":[{"embeddable":true,"href":"https:\/\/hostnetart.com.br\/baixada\/wp-json\/wp\/v2\/media\/2051"}],"wp:attachment":[{"href":"https:\/\/hostnetart.com.br\/baixada\/wp-json\/wp\/v2\/media?parent=2052"}],"wp:term":[{"taxonomy":"category","embeddable":true,"href":"https:\/\/hostnetart.com.br\/baixada\/wp-json\/wp\/v2\/categories?post=2052"},{"taxonomy":"post_tag","embeddable":true,"href":"https:\/\/hostnetart.com.br\/baixada\/wp-json\/wp\/v2\/tags?post=2052"}],"curies":[{"name":"wp","href":"https:\/\/api.w.org\/{rel}","templated":true}]}}