{"id":2050,"date":"2015-07-22T20:45:00","date_gmt":"2015-07-22T23:45:00","guid":{"rendered":"https:\/\/hostnetart.com.br\/baixada\/assembleia-geral-extraordinaria-5\/"},"modified":"2015-07-22T20:45:00","modified_gmt":"2015-07-22T23:45:00","slug":"assembleia-geral-extraordinaria-5","status":"publish","type":"post","link":"https:\/\/hostnetart.com.br\/baixada\/assembleia-geral-extraordinaria-5\/","title":{"rendered":"Assembleia geral extraordin\u00e1ria"},"content":{"rendered":"<p>Sindicato dos Empregados em Estabelecimento Banc\u00e1rios da Baixada fluminense, inscrito no CNPJ\/MF sob o n\u00ba 28750016000130, Registro sindical n\u00ba 117878260 por seus coordenadores abaixo assinado , convoca todos os empregados em estabelecimento banc\u00e1rios dos bancos p\u00fablicos e privados , s\u00f3cios e n\u00e3o s\u00f3cios, da base territorial deste sindicato , para assembleia geral extraordin\u00e1ria que se realizara dia 05 de agosto 2015 , \u00e1s 18:00h, em primeira convoca\u00e7\u00e3o, e \u00e0s 18:30h, em segunda convoca\u00e7\u00e3o , no endere\u00e7o \u00e0 Rua Professor Henruique Ferreira Gomes. n\u00ba 179 centro Duque de Caxias RJ , para discuss\u00e3o e delibera\u00e7\u00e3o acerca da seguinte ordem do dia : Elei\u00e7\u00e3o dos delegados para a 15\u00ba CECUT-RJ ( congresso estadual da CUT do estado do Rio de Janeiro- cut \u2013 RJ)<\/p>\n<p>Duque de caxias 21 de julho 2015<\/p>\n<p>Pedro Batista , Alcyon Vicente , Jos\u00e9 La\u00e9rcio \u2013 Coordena\u00e7\u00e3o Geral<\/p>\n","protected":false},"excerpt":{"rendered":"<p>Sindicato dos Empregados em Estabelecimento Banc\u00e1rios da Baixada fluminense, inscrito no CNPJ\/MF sob o n\u00ba 28750016000130, Registro sindical n\u00ba 117878260 por seus coordenadores abaixo assinado , convoca todos os empregados em estabelecimento banc\u00e1rios dos bancos p\u00fablicos e privados , s\u00f3cios e n\u00e3o s\u00f3cios, da base territorial deste sindicato , para assembleia geral extraordin\u00e1ria que se [&hellip;]<\/p>\n","protected":false},"author":1,"featured_media":2049,"comment_status":"","ping_status":"","sticky":false,"template":"","format":"standard","meta":{"footnotes":""},"categories":[3],"tags":[],"class_list":["post-2050","post","type-post","status-publish","format-standard","has-post-thumbnail","hentry","category-noticias"],"_links":{"self":[{"href":"https:\/\/hostnetart.com.br\/baixada\/wp-json\/wp\/v2\/posts\/2050","targetHints":{"allow":["GET"]}}],"collection":[{"href":"https:\/\/hostnetart.com.br\/baixada\/wp-json\/wp\/v2\/posts"}],"about":[{"href":"https:\/\/hostnetart.com.br\/baixada\/wp-json\/wp\/v2\/types\/post"}],"author":[{"embeddable":true,"href":"https:\/\/hostnetart.com.br\/baixada\/wp-json\/wp\/v2\/users\/1"}],"replies":[{"embeddable":true,"href":"https:\/\/hostnetart.com.br\/baixada\/wp-json\/wp\/v2\/comments?post=2050"}],"version-history":[{"count":0,"href":"https:\/\/hostnetart.com.br\/baixada\/wp-json\/wp\/v2\/posts\/2050\/revisions"}],"wp:featuredmedia":[{"embeddable":true,"href":"https:\/\/hostnetart.com.br\/baixada\/wp-json\/wp\/v2\/media\/2049"}],"wp:attachment":[{"href":"https:\/\/hostnetart.com.br\/baixada\/wp-json\/wp\/v2\/media?parent=2050"}],"wp:term":[{"taxonomy":"category","embeddable":true,"href":"https:\/\/hostnetart.com.br\/baixada\/wp-json\/wp\/v2\/categories?post=2050"},{"taxonomy":"post_tag","embeddable":true,"href":"https:\/\/hostnetart.com.br\/baixada\/wp-json\/wp\/v2\/tags?post=2050"}],"curies":[{"name":"wp","href":"https:\/\/api.w.org\/{rel}","templated":true}]}}