{"id":2038,"date":"2015-07-16T20:07:00","date_gmt":"2015-07-16T23:07:00","guid":{"rendered":"https:\/\/hostnetart.com.br\/baixada\/contraf-participa-de-seminario-internacional-em-defesa-dos-bancos-publicos\/"},"modified":"2015-07-16T20:07:00","modified_gmt":"2015-07-16T23:07:00","slug":"contraf-participa-de-seminario-internacional-em-defesa-dos-bancos-publicos","status":"publish","type":"post","link":"https:\/\/hostnetart.com.br\/baixada\/contraf-participa-de-seminario-internacional-em-defesa-dos-bancos-publicos\/","title":{"rendered":"Contraf participa de semin\u00e1rio internacional em defesa dos bancos p\u00fablicos"},"content":{"rendered":"<p>O presidente da Contraf-CUT, Roberto von der Osten, o secret\u00e1rio-geral, Carlos Souza, e o secret\u00e1rio de Rela\u00e7\u00f5es Internacionais da confedera\u00e7\u00e3o, Mario Raia, participaram nesta ter\u00e7a-feira (14) da abertura do semin\u00e1rio da Alian\u00e7a Latino-Americana em Defesa dos Bancos P\u00fablicos, em Lima, no Peru. O encontro ser\u00e1 encerrado na quinta-feira (16). <\/p>\n<p>A Alian\u00e7a foi lan\u00e7ada durante reuni\u00e3o da Uni Am\u00e9rica Finan\u00e7as, em dezembro do ano passado, em Buenos Aires, na Argentina. Uma das resolu\u00e7\u00f5es do encontro foi a realiza\u00e7\u00e3o de um semin\u00e1rio internacional para aprofundar a discuss\u00e3o sobre a fun\u00e7\u00e3o estrat\u00e9gica dos bancos p\u00fablicos na promo\u00e7\u00e3o do desenvolvimento econ\u00f4mico e social no continente. O objetivo da Alian\u00e7a \u00e9 fortalecer a luta em defesa do emprego, dos direitos dos trabalhadores e dos povos da Am\u00e9rica Latina.<\/p>\n<p>O presidente da Contraf-CUT disse que, de acordo com os informes dos representantes do Brasil, Argentina, Chile, Paraguai, Uruguai, Peru e Costa Rica, \u201cfica claro que existe uma reorganiza\u00e7\u00e3o das elites conservadoras da nossa regi\u00e3o para disputar o papel do Estado\u201d. Segundo Roberto von der Osten, essas elites \u201cpretendem uma restaura\u00e7\u00e3o neoliberal e querem entregar os bancos p\u00fablicos ao mercado\u201d. <\/p>\n<p>Roberto ressaltou que os trabalhadores defendem os bancos p\u00fablicos \u201ccomo instrumentos de implementa\u00e7\u00e3o de pol\u00edticas p\u00fablicas, como agentes de fomento e como promotores de desenvolvimento sustent\u00e1vel e inclusivo\u201d. E acrescentou: \u201cPara os trabalhadores, os bancos p\u00fablicos possibilitam a\u00e7\u00f5es antic\u00edclicas neste cen\u00e1rio de crise do capitalismo e, por isso, t\u00eam que ser defendidos pela sociedade\u201d. <\/p>\n<p>Privatiza\u00e7\u00e3o<\/p>\n<p>No dia 16, haver\u00e1 uma mobiliza\u00e7\u00e3o com os participantes e sindicalistas peruanos contra a privatiza\u00e7\u00e3o do Banco da Na\u00e7\u00e3o, que est\u00e1 sendo encaminhada pelo governo do presidente Olanta Humala. Para o secret\u00e1rio da Contraf-CUT Mario Raia, os bancos p\u00fablicos precisam se preocupar com o fomento das regi\u00f5es onde atuam \u201ce estar presentes nos lugares mais remotos, para que todos tenham acesso e direito aos servi\u00e7os banc\u00e1rios\u201d.<\/p>\n<p>Participam tamb\u00e9m do evento, na delega\u00e7\u00e3o brasileira, o secret\u00e1rio de Pol\u00edticas Sindicais da Contraf-CUT, Gustavo Tabatinga; a secret\u00e1ria de Juventude da confedera\u00e7\u00e3o, Fabiana Proscholdt; o coordenador da Comiss\u00e3o de Empresa dos Funcion\u00e1rios (CEE) do Banco do Brasil, Wagner Nascimento; o presidente do Sindicato dos Banc\u00e1rios de Campinas e secret\u00e1rio-geral da Federa\u00e7\u00e3o dos Banc\u00e1rios de S\u00e3o Paulo e Mato Grosso do Sul, Jeferson Boava; al\u00e9m de Gen\u00e9sio Cardoso, dirigente do Sindicato dos Banc\u00e1rios de Curitiba; e Sergio Amorim, dirigente do Sindicato dos Banc\u00e1rios do Rio. <\/p>\n<p>Fonte: Contraf-CUT<\/p>\n","protected":false},"excerpt":{"rendered":"<p>O presidente da Contraf-CUT, Roberto von der Osten, o secret\u00e1rio-geral, Carlos Souza, e o secret\u00e1rio de Rela\u00e7\u00f5es Internacionais da confedera\u00e7\u00e3o, Mario Raia, participaram nesta ter\u00e7a-feira (14) da abertura do semin\u00e1rio da Alian\u00e7a Latino-Americana em Defesa dos Bancos P\u00fablicos, em Lima, no Peru. O encontro ser\u00e1 encerrado na quinta-feira (16). A Alian\u00e7a foi lan\u00e7ada durante reuni\u00e3o [&hellip;]<\/p>\n","protected":false},"author":1,"featured_media":0,"comment_status":"","ping_status":"","sticky":false,"template":"","format":"standard","meta":{"footnotes":""},"categories":[3],"tags":[],"class_list":["post-2038","post","type-post","status-publish","format-standard","hentry","category-noticias"],"_links":{"self":[{"href":"https:\/\/hostnetart.com.br\/baixada\/wp-json\/wp\/v2\/posts\/2038","targetHints":{"allow":["GET"]}}],"collection":[{"href":"https:\/\/hostnetart.com.br\/baixada\/wp-json\/wp\/v2\/posts"}],"about":[{"href":"https:\/\/hostnetart.com.br\/baixada\/wp-json\/wp\/v2\/types\/post"}],"author":[{"embeddable":true,"href":"https:\/\/hostnetart.com.br\/baixada\/wp-json\/wp\/v2\/users\/1"}],"replies":[{"embeddable":true,"href":"https:\/\/hostnetart.com.br\/baixada\/wp-json\/wp\/v2\/comments?post=2038"}],"version-history":[{"count":0,"href":"https:\/\/hostnetart.com.br\/baixada\/wp-json\/wp\/v2\/posts\/2038\/revisions"}],"wp:attachment":[{"href":"https:\/\/hostnetart.com.br\/baixada\/wp-json\/wp\/v2\/media?parent=2038"}],"wp:term":[{"taxonomy":"category","embeddable":true,"href":"https:\/\/hostnetart.com.br\/baixada\/wp-json\/wp\/v2\/categories?post=2038"},{"taxonomy":"post_tag","embeddable":true,"href":"https:\/\/hostnetart.com.br\/baixada\/wp-json\/wp\/v2\/tags?post=2038"}],"curies":[{"name":"wp","href":"https:\/\/api.w.org\/{rel}","templated":true}]}}