{"id":2025,"date":"2016-07-22T00:00:00","date_gmt":"2016-07-22T03:00:00","guid":{"rendered":"https:\/\/hostnetart.com.br\/baixada\/santander-demonstra-desrespeito-aos-trabalhadores-na-mesa-de-negociacao\/"},"modified":"2016-07-22T00:00:00","modified_gmt":"2016-07-22T03:00:00","slug":"santander-demonstra-desrespeito-aos-trabalhadores-na-mesa-de-negociacao","status":"publish","type":"post","link":"https:\/\/hostnetart.com.br\/baixada\/santander-demonstra-desrespeito-aos-trabalhadores-na-mesa-de-negociacao\/","title":{"rendered":"Santander demonstra desrespeito aos trabalhadores na mesa de negocia\u00e7\u00e3o"},"content":{"rendered":"<p>Trabalhadores continuam sem respostas para os principais pontos da minuta de reivindica\u00e7\u00f5es<\/p>\n<p>Nesta quarta-feira (20), em S\u00e3o Paulo, a Contraf-CUT, assessorada pela Comiss\u00e3o de Organiza\u00e7\u00e3o dos Empregados (COE) do Santander, reuniu-se pela sexta vez com a dire\u00e7\u00e3o do banco para discutir a renova\u00e7\u00e3o do Acordo Aditivo \u00e0 Conven\u00e7\u00e3o Coletiva de Trabalho (CCT).<\/p>\n<p>Novamente o banco n\u00e3o apresentou uma proposta concreta. Os representantes dos trabalhadores tinham a expectativa de que o Santander apresentasse avan\u00e7os na pauta de reivindica\u00e7\u00f5es dos seus funcion\u00e1rios. \u201cN\u00f3s acredit\u00e1ssemos que sair\u00edamos hoje com uma proposta condizente com as expectativas dos trabalhadores, que seria apreciada em assembleias. Mas, o que vimos, mais uma vez, foi o banco apostando no impasse na mesa de negocia\u00e7\u00e3o\u201d, destacou Mario Raia, secret\u00e1rio de Rela\u00e7\u00f5es Internacionais e representante da Contraf-CUT na COE Santander.<\/p>\n<p>De acordo com os representantes do banco existe um impasse dentro da institui\u00e7\u00e3o financeira que precisa ser superado. E o banco entende que este impasse n\u00e3o \u00e9 intranspon\u00edvel.<\/p>\n<p>\u201cMas, \u00e9 inadmiss\u00edvel que o banco ainda mant\u00e9m este discurso, al\u00e9m disso, tamb\u00e9m \u00e9 inaceit\u00e1vel que na sexta rodada de negocia\u00e7\u00e3o, depois de dois meses e meio de terem recebido a minuta de reivindica\u00e7\u00f5es dos banc\u00e1rios, o banco n\u00e3o traga nada para apresentar aos trabalhadores\u201d, pontuou M\u00e1rio.<\/p>\n<p>A pauta de reivindica\u00e7\u00f5es dos trabalhadores do Santander atende aos anseios dos banc\u00e1rios em seu dia a dia de trabalho. N\u00e3o tem nada de absurdo e, apesar dos expressivos resultados positivos que o banco tenha apresentado, os mesmos n\u00e3o se refletem em valoriza\u00e7\u00e3o aos trabalhadores do Santander.<\/p>\n<p>Campanha na m\u00eddia n\u00e3o condiz com a realidade<\/p>\n<p>O banco tem vinculado na m\u00eddia a campanha \u201cO que o Santander pode fazer por voc\u00ea hoje?\u201d. Mas, na realidade n\u00e3o existe a preocupa\u00e7\u00e3o \u201co que o Santander pode fazer para os seus funcion\u00e1rios?\u201d. Ou seja, o mote n\u00e3o condiz com a verdade nem para os clientes e menos ainda para os seus trabalhadores. \u201cSe o banco estivesse preocupado com os seus funcion\u00e1rios, neste sexto encontro, apresentaria uma proposta concreta\u201d, disse Maria Rosani, coordenadora nacional da COE Santander.<\/p>\n<p>Sem avan\u00e7os<\/p>\n<p>Os trabalhadores continuam sem respostas para os principais pontos da minuta de reivindica\u00e7\u00f5es, entre eles, a majora\u00e7\u00e3o do valor da bolsa aux\u00edlio-estudo e a revis\u00e3o de seus crit\u00e9rios de concess\u00e3o, bem como o incremento no valor do pagamento do PPRS (Programa Pr\u00f3prio de Remunera\u00e7\u00e3o Santander).<\/p>\n<p>Tempo de casa<\/p>\n<p>Para os dirigentes sindicais, al\u00e9m do banco n\u00e3o estar negociando seriamente a minuta de reivindica\u00e7\u00f5es, os representantes dos trabalhadores est\u00e3o sempre sendo pegos de surpresas, com decis\u00f5es unilaterais do banco, que implicam em retirada de direitos.<\/p>\n<p>Um exemplo disso, \u00e9 o pagamento de dois sal\u00e1rios ao trabalhador que completa 25 anos de empresa, que foi extinto sem nenhuma justificativa ao movimento sindical. \u201cN\u00e3o existem justificativas para a retirada de direitos. E este \u00e9 um benef\u00edcio que tem um pequeno impacto no resultado do banco, mas tem muito valor no reconhecimento ao trabalhador, que dedicou 25 anos \u00e0 empresa\u201d, ressaltou M\u00e1rio Raia.<\/p>\n<p>Diante do impasse colocado hoje na mesa de negocia\u00e7\u00e3o, os dirigentes sindicais afirmaram que a pr\u00f3xima reuni\u00e3o s\u00f3 dever\u00e1 ser agendada quando o banco tiver efetivamente uma proposta concreta para apresentar aos trabalhadores. \u201cEsperamos que a reuni\u00e3o seja marcada o mais breve poss\u00edvel. J\u00e1 estamos prestes a iniciar as negocia\u00e7\u00f5es com a Fenaban da Campanha Salarial de 2016. Queremos respostas\u201d, concluiu M\u00e1rio Raia.<\/p>\n<p>Fonte: Contraf-CUT<\/p>\n","protected":false},"excerpt":{"rendered":"<p>Trabalhadores continuam sem respostas para os principais pontos da minuta de reivindica\u00e7\u00f5es Nesta quarta-feira (20), em S\u00e3o Paulo, a Contraf-CUT, assessorada pela Comiss\u00e3o de Organiza\u00e7\u00e3o dos Empregados (COE) do Santander, reuniu-se pela sexta vez com a dire\u00e7\u00e3o do banco para discutir a renova\u00e7\u00e3o do Acordo Aditivo \u00e0 Conven\u00e7\u00e3o Coletiva de Trabalho (CCT). Novamente o banco [&hellip;]<\/p>\n","protected":false},"author":1,"featured_media":0,"comment_status":"","ping_status":"","sticky":false,"template":"","format":"standard","meta":{"footnotes":""},"categories":[3],"tags":[],"class_list":["post-2025","post","type-post","status-publish","format-standard","hentry","category-noticias"],"_links":{"self":[{"href":"https:\/\/hostnetart.com.br\/baixada\/wp-json\/wp\/v2\/posts\/2025","targetHints":{"allow":["GET"]}}],"collection":[{"href":"https:\/\/hostnetart.com.br\/baixada\/wp-json\/wp\/v2\/posts"}],"about":[{"href":"https:\/\/hostnetart.com.br\/baixada\/wp-json\/wp\/v2\/types\/post"}],"author":[{"embeddable":true,"href":"https:\/\/hostnetart.com.br\/baixada\/wp-json\/wp\/v2\/users\/1"}],"replies":[{"embeddable":true,"href":"https:\/\/hostnetart.com.br\/baixada\/wp-json\/wp\/v2\/comments?post=2025"}],"version-history":[{"count":0,"href":"https:\/\/hostnetart.com.br\/baixada\/wp-json\/wp\/v2\/posts\/2025\/revisions"}],"wp:attachment":[{"href":"https:\/\/hostnetart.com.br\/baixada\/wp-json\/wp\/v2\/media?parent=2025"}],"wp:term":[{"taxonomy":"category","embeddable":true,"href":"https:\/\/hostnetart.com.br\/baixada\/wp-json\/wp\/v2\/categories?post=2025"},{"taxonomy":"post_tag","embeddable":true,"href":"https:\/\/hostnetart.com.br\/baixada\/wp-json\/wp\/v2\/tags?post=2025"}],"curies":[{"name":"wp","href":"https:\/\/api.w.org\/{rel}","templated":true}]}}