{"id":2021,"date":"2015-07-06T19:48:00","date_gmt":"2015-07-06T22:48:00","guid":{"rendered":"https:\/\/hostnetart.com.br\/baixada\/trabalhadora-nao-promovida-por-ser-sindicalista-recebera-indenizacao-no-mt\/"},"modified":"2015-07-06T19:48:00","modified_gmt":"2015-07-06T22:48:00","slug":"trabalhadora-nao-promovida-por-ser-sindicalista-recebera-indenizacao-no-mt","status":"publish","type":"post","link":"https:\/\/hostnetart.com.br\/baixada\/trabalhadora-nao-promovida-por-ser-sindicalista-recebera-indenizacao-no-mt\/","title":{"rendered":"Trabalhadora n\u00e3o promovida por ser sindicalista receber\u00e1 indeniza\u00e7\u00e3o no MT"},"content":{"rendered":"<p><span style=\"color: #464646;\">Uma ex-empregada de um banco dever\u00e1 receber R$ 20 mil de indeniza\u00e7\u00e3o por danos morais. Ela conseguiu provar na Justi\u00e7a que n\u00e3o foi promovida na ag\u00eancia onde atuava por ser sindicalista. A decis\u00e3o condenando o banco \u00e9 da ju\u00edza da 2\u00aa Vara do Trabalho de Rondon\u00f3polis, Cassandra Passos.<\/span><br style=\"color: #464646;\" \/><br style=\"color: #464646;\" \/><span style=\"color: #464646;\">A trabalhadora juntou ao processo um e-mail do ent\u00e3o superintendente regional da institui\u00e7\u00e3o no qual ele condicionava sua promo\u00e7\u00e3o \u00e0 sa\u00edda do cargo de dirigente no sindicato que representa a categoria dos banc\u00e1rios. Al\u00e9m disso, ela tamb\u00e9m sustentou que estava h\u00e1 25 anos na mesma fun\u00e7\u00e3o, a de caixa, simplesmente por seu papel enquanto sindicalista.<\/span><br style=\"color: #464646;\" \/><br style=\"color: #464646;\" \/><span style=\"color: #464646;\">Segundo a testemunha ouvida pela ju\u00edza e que era superior da trabalhadora, surgiu uma vaga de gerente de atendimento na ag\u00eancia e ela ent\u00e3o sugeriu ao superintendente que fosse preenchida pela empregada, dado sua vasta experi\u00eancia. Foi quando o administrador condicionou a nomea\u00e7\u00e3o \u00e0 ren\u00fancia ao cargo no sindicato.<\/span><br style=\"color: #464646;\" \/><br style=\"color: #464646;\" \/><span style=\"color: #464646;\">De acordo com a ju\u00edza Cassandra Passos, em sua decis\u00e3o, o contrato de trabalho tem com um de seus fundamentos a confian\u00e7a m\u00fatua entre o trabalhador e quem contrata. Neste aspecto, salientou, a superioridade hier\u00e1rquica que det\u00e9m o patr\u00e3o n\u00e3o legitima, em hip\u00f3tese alguma, a ocorr\u00eancia de agress\u00f5es \u00e0 moral do empregado.<\/span><br style=\"color: #464646;\" \/><br style=\"color: #464646;\" \/><span style=\"color: #464646;\">Para a magistrada, com base em seu poder diretivo e disciplinar, o empregador tem o dever de coibir epis\u00f3dios de discrimina\u00e7\u00e3o dentro de suas depend\u00eancias. Mais do que isso, \u00e9 uma obriga\u00e7\u00e3o dele zelar pela integridade da personalidade moral do empregado, que coloca seu esfor\u00e7o pessoal em prol do sucesso do empreendimento econ\u00f4mico.<\/span><br style=\"color: #464646;\" \/><br style=\"color: #464646;\" \/><span style=\"color: #464646;\">\u201cAssim, imp\u00f5e-se concluir que, no atual est\u00e1gio da civiliza\u00e7\u00e3o, n\u00e3o se tolera que a chefia resvale para atitudes agressivas e desrespeitosas para com o trabalhador, especialmente quando a Constitui\u00e7\u00e3o Federal preza, com muita \u00eanfase, a dignidade da pessoa humana e o valor social do trabalho\u201d, apontou a magistrada.<\/span><br style=\"color: #464646;\" \/><br style=\"color: #464646;\" \/><span style=\"color: #464646;\">Por se tratar de decis\u00e3o de primeira inst\u00e2ncia, cabe recurso ao Tribunal Regional do Trabalho.\u00a0<\/span><br style=\"color: #464646;\" \/><br style=\"color: #464646;\" \/><span style=\"color: #464646;\">Fonte: S\u00f3 Not\u00edcias \u2013 Sinop\/MT<\/span><\/p>\n","protected":false},"excerpt":{"rendered":"<p>Uma ex-empregada de um banco dever\u00e1 receber R$ 20 mil de indeniza\u00e7\u00e3o por danos morais. Ela conseguiu provar na Justi\u00e7a que n\u00e3o foi promovida na ag\u00eancia onde atuava por ser sindicalista. A decis\u00e3o condenando o banco \u00e9 da ju\u00edza da 2\u00aa Vara do Trabalho de Rondon\u00f3polis, Cassandra Passos.A trabalhadora juntou ao processo um e-mail do [&hellip;]<\/p>\n","protected":false},"author":1,"featured_media":0,"comment_status":"","ping_status":"","sticky":false,"template":"","format":"standard","meta":{"footnotes":""},"categories":[3],"tags":[],"class_list":["post-2021","post","type-post","status-publish","format-standard","hentry","category-noticias"],"_links":{"self":[{"href":"https:\/\/hostnetart.com.br\/baixada\/wp-json\/wp\/v2\/posts\/2021","targetHints":{"allow":["GET"]}}],"collection":[{"href":"https:\/\/hostnetart.com.br\/baixada\/wp-json\/wp\/v2\/posts"}],"about":[{"href":"https:\/\/hostnetart.com.br\/baixada\/wp-json\/wp\/v2\/types\/post"}],"author":[{"embeddable":true,"href":"https:\/\/hostnetart.com.br\/baixada\/wp-json\/wp\/v2\/users\/1"}],"replies":[{"embeddable":true,"href":"https:\/\/hostnetart.com.br\/baixada\/wp-json\/wp\/v2\/comments?post=2021"}],"version-history":[{"count":0,"href":"https:\/\/hostnetart.com.br\/baixada\/wp-json\/wp\/v2\/posts\/2021\/revisions"}],"wp:attachment":[{"href":"https:\/\/hostnetart.com.br\/baixada\/wp-json\/wp\/v2\/media?parent=2021"}],"wp:term":[{"taxonomy":"category","embeddable":true,"href":"https:\/\/hostnetart.com.br\/baixada\/wp-json\/wp\/v2\/categories?post=2021"},{"taxonomy":"post_tag","embeddable":true,"href":"https:\/\/hostnetart.com.br\/baixada\/wp-json\/wp\/v2\/tags?post=2021"}],"curies":[{"name":"wp","href":"https:\/\/api.w.org\/{rel}","templated":true}]}}