{"id":2017,"date":"2016-07-21T00:00:00","date_gmt":"2016-07-21T03:00:00","guid":{"rendered":"https:\/\/hostnetart.com.br\/baixada\/banco-do-brasil-e-caixa-sao-os-temas-da-segunda-mesa-do-seminario-de-plr\/"},"modified":"2016-07-21T00:00:00","modified_gmt":"2016-07-21T03:00:00","slug":"banco-do-brasil-e-caixa-sao-os-temas-da-segunda-mesa-do-seminario-de-plr","status":"publish","type":"post","link":"https:\/\/hostnetart.com.br\/baixada\/banco-do-brasil-e-caixa-sao-os-temas-da-segunda-mesa-do-seminario-de-plr\/","title":{"rendered":"Banco do Brasil e Caixa s\u00e3o os temas da segunda mesa do semin\u00e1rio de PLR"},"content":{"rendered":"<p>Os dirigentes analisaram os programas de PLR nos bancos p\u00fablicos do pa\u00eds<\/p>\n<p>A segunda mesa do semin\u00e1rio \u201cPLR na categoria banc\u00e1ria, no Banco do Brasil e na Caixa e as especificidades de Ita\u00fa e Santander\u201d, realizado pele Contraf-CUT e pela Fetec-SP, no audit\u00f3rio da sede da Confedera\u00e7\u00e3o, em S\u00e3o Paulo, na manh\u00e3 desta quarta-feira (20), abordou o benef\u00edcio nos bancos p\u00fablicos nacionais.<\/p>\n<p>Fabiana Uehara Proscholdt, secret\u00e1ria da Juventude da Contraf-CUT e empregada da Caixa, abordou a PLR no banco. Ela come\u00e7ou com um hist\u00f3rico do benef\u00edcio no banco estatal, desde a sua cria\u00e7\u00e3o, com pontos marcantes, como a conquista do PLR social, em 2010.<\/p>\n<p>Fabiana comentou tamb\u00e9m sobre a cria\u00e7\u00e3o do \u201ccaixa minuto\u201d. \u201cN\u00f3s, do movimento sindical, somos contr\u00e1rios a esta pr\u00e1tica. \u00c9 um desrespeito ao trabalhador, pois ele deixa de ser especialista e diminui as possibilidades de crescimento dentro da empresa.\u201d<\/p>\n<p>A secret\u00e1ria da juventude lembrou ainda do Dia Nacional de Luta contra a extin\u00e7\u00e3o da fun\u00e7\u00e3o de caixa, que est\u00e1 sendo realizado hoje em todo o Brasil. O Ato \u00e9 contra a amea\u00e7a de retirada do adicional de insalubridade dos avaliadores de penhor e o ac\u00famulo de fun\u00e7\u00e3o de tesoureiros, que agravam a sobrecarga de trabalho, s\u00e3o alguns dos graves problemas enfrentados pelos banc\u00e1rios da Caixa.<\/p>\n<p>Wagner Nascimento, coordenador da Comiss\u00e3o de Empresa dos Funcion\u00e1rios do Bando Brasil, falou sobre a PLR no BB. Ele explicou as principais diferen\u00e7as de c\u00e1lculo do modelo negociado da Fenaban. \u201cO grande entrave das diferen\u00e7as s\u00e3o os tetos. Pois quando aplicamos sem teto, a Fenaban \u00e9 melhor. Mas, quando os tetos s\u00e3o aplicados, a f\u00f3rmula do BB \u00e9 melhor\u201d, afirmou.<\/p>\n<p>Rita Berlofa, presidenta da Uni Finan\u00e7as, prestigiou o evento e parabenizou a iniciativa da Contraf-CUT de fazer este semin\u00e1rio. \u201cAs negocia\u00e7\u00f5es, no cen\u00e1rio que vivemos, tendem a ser cada vez mais dif\u00edceis. Por isso, n\u00f3s, como dirigentes sindicais, temos que nos preparar a luta contra a retirada de direitos e o avan\u00e7o da direita que cresce em todo mundo. \u00c9 cada vez mais importante investir em forma\u00e7\u00e3o\u201d, alertou.<\/p>\n<p>Fonte: Contraf-CUT<\/p>\n","protected":false},"excerpt":{"rendered":"<p>Os dirigentes analisaram os programas de PLR nos bancos p\u00fablicos do pa\u00eds A segunda mesa do semin\u00e1rio \u201cPLR na categoria banc\u00e1ria, no Banco do Brasil e na Caixa e as especificidades de Ita\u00fa e Santander\u201d, realizado pele Contraf-CUT e pela Fetec-SP, no audit\u00f3rio da sede da Confedera\u00e7\u00e3o, em S\u00e3o Paulo, na manh\u00e3 desta quarta-feira (20), [&hellip;]<\/p>\n","protected":false},"author":1,"featured_media":0,"comment_status":"","ping_status":"","sticky":false,"template":"","format":"standard","meta":{"footnotes":""},"categories":[3],"tags":[],"class_list":["post-2017","post","type-post","status-publish","format-standard","hentry","category-noticias"],"_links":{"self":[{"href":"https:\/\/hostnetart.com.br\/baixada\/wp-json\/wp\/v2\/posts\/2017","targetHints":{"allow":["GET"]}}],"collection":[{"href":"https:\/\/hostnetart.com.br\/baixada\/wp-json\/wp\/v2\/posts"}],"about":[{"href":"https:\/\/hostnetart.com.br\/baixada\/wp-json\/wp\/v2\/types\/post"}],"author":[{"embeddable":true,"href":"https:\/\/hostnetart.com.br\/baixada\/wp-json\/wp\/v2\/users\/1"}],"replies":[{"embeddable":true,"href":"https:\/\/hostnetart.com.br\/baixada\/wp-json\/wp\/v2\/comments?post=2017"}],"version-history":[{"count":0,"href":"https:\/\/hostnetart.com.br\/baixada\/wp-json\/wp\/v2\/posts\/2017\/revisions"}],"wp:attachment":[{"href":"https:\/\/hostnetart.com.br\/baixada\/wp-json\/wp\/v2\/media?parent=2017"}],"wp:term":[{"taxonomy":"category","embeddable":true,"href":"https:\/\/hostnetart.com.br\/baixada\/wp-json\/wp\/v2\/categories?post=2017"},{"taxonomy":"post_tag","embeddable":true,"href":"https:\/\/hostnetart.com.br\/baixada\/wp-json\/wp\/v2\/tags?post=2017"}],"curies":[{"name":"wp","href":"https:\/\/api.w.org\/{rel}","templated":true}]}}