{"id":2014,"date":"2016-07-13T00:00:00","date_gmt":"2016-07-13T03:00:00","guid":{"rendered":"https:\/\/hostnetart.com.br\/baixada\/reduzir-jornada-e-gerar-emprego-aumentar-so-favorece-patrao\/"},"modified":"2016-07-13T00:00:00","modified_gmt":"2016-07-13T03:00:00","slug":"reduzir-jornada-e-gerar-emprego-aumentar-so-favorece-patrao","status":"publish","type":"post","link":"https:\/\/hostnetart.com.br\/baixada\/reduzir-jornada-e-gerar-emprego-aumentar-so-favorece-patrao\/","title":{"rendered":"Reduzir jornada \u00e9 gerar emprego; aumentar s\u00f3 favorece patr\u00e3o"},"content":{"rendered":"<p>A CUT lan\u00e7ar\u00e1 nesta quarta-feira (13), \u00e0s 16h, durante audi\u00eancia p\u00fablica na Comiss\u00e3o de Trabalho da C\u00e2mara dos Deputados, a segundo edi\u00e7\u00e3o da Agenda Legislativa da Central para as Rela\u00e7\u00f5es de Trabalho. O documento atualiza os projetos favor\u00e1veis e contr\u00e1rios \u00e0 classe trabalhadora.<\/p>\n<p>Uma das propostas bate de frente com o que pensa a CNI (Confedera\u00e7\u00e3o Nacional da Ind\u00fastria). Em reuni\u00e3o com o golpista Michel Temer na \u00faltima sexta-feira (8), o presidente da entidade, Robson Andrade, afirmou que o governo deve promover medidas muito duras na Previd\u00eancia Social e nas leis trabalhistas para equilibrar as contas p\u00fablicas, entre elas, ampliar a jornada para at\u00e9 80 horas semanais.<\/p>\n<p>Depois, disse que foi mal interpretado e defendia \u2018apenas\u2019 60 horas, o equivalente a jornadas de 12 horas di\u00e1rias para quem trabalha cinco dias por semana.<\/p>\n<p>Na contram\u00e3o desse pensamento escravocrata e que s\u00f3 gera lucro para o empres\u00e1rio com base na explora\u00e7\u00e3o da classe trabalhadora, a CUT defende que a redu\u00e7\u00e3o da jornada de 44 para 40 horas semanais, sem redu\u00e7\u00e3o de sal\u00e1rio, \u00e9 uma bandeira ideal para momentos de crise.<\/p>\n<p>De acordo com levantamento do Dieese (Departamento Intersindical de Estat\u00edstica e Estudos Socioecon\u00f4micos), a medida preservaria empregos e promoveria a cria\u00e7\u00e3o de mais de dois milh\u00f5es de novos postos. Al\u00e9m de diminuir o n\u00famero de acidentes causados por exaust\u00e3o.<\/p>\n<p>Com mais tempo livre, o trabalhador tamb\u00e9m poderia investir em estudos, qualifica\u00e7\u00e3o profissional, cultura e lazer, fatores que contribuem para a qualidade de vida e desenvolvimento do pa\u00eds, j\u00e1 que o aumento do consumo e da produ\u00e7\u00e3o contribuem tamb\u00e9m para a economia.<\/p>\n<p><strong>Como reduzir\u00a0<\/strong><\/p>\n<p>A PEC 231\/1995 (Proposta de Emenda \u00e0 Constitui\u00e7\u00e3o n\u00ba 231), do deputado In\u00e1cio Arruda (PCdoB-CE), altera incisos do artigo 7\u00ba da Constitui\u00e7\u00e3o Federal e, al\u00e9m de reduzir a jornada, amplia em 75% o valor da hora extra semanal.<\/p>\n<p>Para a secret\u00e1ria de Rela\u00e7\u00f5es de Trabalho da CUT, Gra\u00e7a Costa, a Agenda Legislativa da CUT para as Rela\u00e7\u00f5es de Trabalho tem como grande diferencial indicar, al\u00e9m dos desafios, sa\u00eddas para o momento em que o Congresso avan\u00e7a sobre os direitos da classe trabalhadora.<\/p>\n<p>\u201cNum momento em que a pauta colocada \u00e9 toda contra a classe trabalhadora, de retrocesso, retirada de direitos sociais e trabalhistas, nossa agenda traz os projetos, nome e sobrenomes de quem joga contra o pa\u00eds. E carimba que a Central n\u00e3o compactua com isso. Mas tamb\u00e9m mostra o que \u00e9 ben\u00e9fico para a classe trabalhadora, propostas progressistas para quem faz o pa\u00eds funcionar\u201d, diz Gra\u00e7a.<\/p>\n<p>A dirigente tamb\u00e9m aponta a terceiriza\u00e7\u00e3o na atividade-fim e o negociado sobre o legislado como outros t\u00f3picos na agenda dos empres\u00e1rios financiadores do golpe que demandam resist\u00eancia e press\u00e3o constante sob pena de retrocessos terr\u00edveis em conquistas que tomaram d\u00e9cadas de luta.<\/p>\n<p>\u201cPior \u00e9 que esses pontos s\u00e3o vendidos para a maior parte da popula\u00e7\u00e3o como grandes avan\u00e7os, pintados com o verniz de moderniza\u00e7\u00e3o, especialmente o negociado sobre o legislado, como algo que favorece a negocia\u00e7\u00e3o coletiva, mas que, na pr\u00e1tica, representa a oportunidade de desregulamentar e tirar nossos direitos\u201d, defende.<\/p>\n","protected":false},"excerpt":{"rendered":"<p>A CUT lan\u00e7ar\u00e1 nesta quarta-feira (13), \u00e0s 16h, durante audi\u00eancia p\u00fablica na Comiss\u00e3o de Trabalho da C\u00e2mara dos Deputados, a segundo edi\u00e7\u00e3o da Agenda Legislativa da Central para as Rela\u00e7\u00f5es de Trabalho. O documento atualiza os projetos favor\u00e1veis e contr\u00e1rios \u00e0 classe trabalhadora. Uma das propostas bate de frente com o que pensa a CNI [&hellip;]<\/p>\n","protected":false},"author":1,"featured_media":0,"comment_status":"","ping_status":"","sticky":false,"template":"","format":"standard","meta":{"footnotes":""},"categories":[3],"tags":[],"class_list":["post-2014","post","type-post","status-publish","format-standard","hentry","category-noticias"],"_links":{"self":[{"href":"https:\/\/hostnetart.com.br\/baixada\/wp-json\/wp\/v2\/posts\/2014","targetHints":{"allow":["GET"]}}],"collection":[{"href":"https:\/\/hostnetart.com.br\/baixada\/wp-json\/wp\/v2\/posts"}],"about":[{"href":"https:\/\/hostnetart.com.br\/baixada\/wp-json\/wp\/v2\/types\/post"}],"author":[{"embeddable":true,"href":"https:\/\/hostnetart.com.br\/baixada\/wp-json\/wp\/v2\/users\/1"}],"replies":[{"embeddable":true,"href":"https:\/\/hostnetart.com.br\/baixada\/wp-json\/wp\/v2\/comments?post=2014"}],"version-history":[{"count":0,"href":"https:\/\/hostnetart.com.br\/baixada\/wp-json\/wp\/v2\/posts\/2014\/revisions"}],"wp:attachment":[{"href":"https:\/\/hostnetart.com.br\/baixada\/wp-json\/wp\/v2\/media?parent=2014"}],"wp:term":[{"taxonomy":"category","embeddable":true,"href":"https:\/\/hostnetart.com.br\/baixada\/wp-json\/wp\/v2\/categories?post=2014"},{"taxonomy":"post_tag","embeddable":true,"href":"https:\/\/hostnetart.com.br\/baixada\/wp-json\/wp\/v2\/tags?post=2014"}],"curies":[{"name":"wp","href":"https:\/\/api.w.org\/{rel}","templated":true}]}}