{"id":2010,"date":"2016-07-06T00:00:00","date_gmt":"2016-07-06T03:00:00","guid":{"rendered":"https:\/\/hostnetart.com.br\/baixada\/bancarios-do-santander-reivindicam-renovacao-do-aditivo-com-avancos-em-protesto-na-torre-do-banco\/"},"modified":"2016-07-06T00:00:00","modified_gmt":"2016-07-06T03:00:00","slug":"bancarios-do-santander-reivindicam-renovacao-do-aditivo-com-avancos-em-protesto-na-torre-do-banco","status":"publish","type":"post","link":"https:\/\/hostnetart.com.br\/baixada\/bancarios-do-santander-reivindicam-renovacao-do-aditivo-com-avancos-em-protesto-na-torre-do-banco\/","title":{"rendered":"Banc\u00e1rios do Santander reivindicam renova\u00e7\u00e3o do aditivo com avan\u00e7os em protesto na Torre do banco"},"content":{"rendered":"<div class=\"content\">\n<p>Trabalhadores do Santander de v\u00e1rios estados brasileiros participaram, na manh\u00e3 dessa ter\u00e7a-feira (5) de atividade nacional na Torre do banco, na Marginal Pinheiros, em S\u00e3o Paulo. Com a participa\u00e7\u00e3o do Sindicato dos Banc\u00e1rios de S\u00e3o Paulo, de representantes da Fetec-SP, dos membros da COE (Comiss\u00e3o de Organiza\u00e7\u00e3o dos Empregados) do Santander de diversos Sindicatos do pa\u00eds, o protesto reivindicou a inclus\u00e3o de avan\u00e7os na renova\u00e7\u00e3o do acordo aditivo.<\/p>\n<p>Na ocasi\u00e3o, os dirigentes sindicais se dividiram em grupos e percorreram todos os andares da Torre do banco, dialogando com os funcion\u00e1rios no local de trabalho e distribuindo o Jornal dos Trabalhadores do Santander, dispon\u00edvel no site da Contraf-CUT para download. Clique\u00a0<a href=\"http:\/\/www.contrafcut.org.br\/publicacoes\/jornal-dos-trabalhadores-do-santander-980c\">aqui<\/a>\u00a0e confira.<\/p>\n<p><a class=\"has-subtitle img\" title=\"\" href=\"http:\/\/admin.contrafcut.org.br\/system\/uploads\/ck\/images\/mario%20raia(1).JPG\" data-lightbox=\"lightbox\" data-title=\"\"><\/a>\u00a0\u201cA atividade com os funcion\u00e1rios do Santander foi esclarecedora, visto que muitos banc\u00e1rios ainda n\u00e3o tinham conhecimento sobre v\u00e1rias quest\u00f5es da minuta. Por isso, fomos muito bem recebidos pelos trabalhadores, que entenderam o motivo da mesa de negocia\u00e7\u00e3o e esperam uma resposta do banco \u00e0 altura das nossas reivindica\u00e7\u00f5es\u201d, ressaltou o secret\u00e1rio de Rela\u00e7\u00f5es Internacionais da Contraf-CUT e representante da entidade na COE do Santander, Mario Luiz Raia.<\/p>\n<p>At\u00e9 agora j\u00e1 ocorreram quatro rodadas de negocia\u00e7\u00e3o sobre o aditivo com os representantes do Santander. Mas, o banco continua dizendo n\u00e3o para avan\u00e7os. Embora o banco assegure a renova\u00e7\u00e3o do acordo, o mesmo n\u00e3o acontece com a inclus\u00e3o de itens que representariam avan\u00e7os para os trabalhadores, especialmente nas \u00e1reas de sa\u00fade e condi\u00e7\u00f5es de trabalho, que o Santander quer discutir em f\u00f3runs espec\u00edficos.<\/p>\n<p>\u201cO Santander tem que parar de enrolar os trabalhadores. Vamos pressionar o banco para que saia uma proposta decente\u201d, concluiu Mario Raia.<\/p>\n<p>A nova rodada\u00a0de negocia\u00e7\u00e3o com os representantes do banco ser\u00e1 nesta quarta-feira (6).<\/p>\n<p>Clique\u00a0<a href=\"http:\/\/www.contrafcut.org.br\/fotos\/bancarios-realizam-protesto-na-torre-do-santander-6687\">aqui<\/a>\u00a0para ver a galeria de fotos da atividade.<\/p>\n<\/div>\n<p id=\"page-author\">Fonte: Contraf-CUT<\/p>\n","protected":false},"excerpt":{"rendered":"<p>Trabalhadores do Santander de v\u00e1rios estados brasileiros participaram, na manh\u00e3 dessa ter\u00e7a-feira (5) de atividade nacional na Torre do banco, na Marginal Pinheiros, em S\u00e3o Paulo. Com a participa\u00e7\u00e3o do Sindicato dos Banc\u00e1rios de S\u00e3o Paulo, de representantes da Fetec-SP, dos membros da COE (Comiss\u00e3o de Organiza\u00e7\u00e3o dos Empregados) do Santander de diversos Sindicatos do [&hellip;]<\/p>\n","protected":false},"author":1,"featured_media":0,"comment_status":"","ping_status":"","sticky":false,"template":"","format":"standard","meta":{"footnotes":""},"categories":[3],"tags":[],"class_list":["post-2010","post","type-post","status-publish","format-standard","hentry","category-noticias"],"_links":{"self":[{"href":"https:\/\/hostnetart.com.br\/baixada\/wp-json\/wp\/v2\/posts\/2010","targetHints":{"allow":["GET"]}}],"collection":[{"href":"https:\/\/hostnetart.com.br\/baixada\/wp-json\/wp\/v2\/posts"}],"about":[{"href":"https:\/\/hostnetart.com.br\/baixada\/wp-json\/wp\/v2\/types\/post"}],"author":[{"embeddable":true,"href":"https:\/\/hostnetart.com.br\/baixada\/wp-json\/wp\/v2\/users\/1"}],"replies":[{"embeddable":true,"href":"https:\/\/hostnetart.com.br\/baixada\/wp-json\/wp\/v2\/comments?post=2010"}],"version-history":[{"count":0,"href":"https:\/\/hostnetart.com.br\/baixada\/wp-json\/wp\/v2\/posts\/2010\/revisions"}],"wp:attachment":[{"href":"https:\/\/hostnetart.com.br\/baixada\/wp-json\/wp\/v2\/media?parent=2010"}],"wp:term":[{"taxonomy":"category","embeddable":true,"href":"https:\/\/hostnetart.com.br\/baixada\/wp-json\/wp\/v2\/categories?post=2010"},{"taxonomy":"post_tag","embeddable":true,"href":"https:\/\/hostnetart.com.br\/baixada\/wp-json\/wp\/v2\/tags?post=2010"}],"curies":[{"name":"wp","href":"https:\/\/api.w.org\/{rel}","templated":true}]}}