{"id":2009,"date":"2016-06-29T00:00:00","date_gmt":"2016-06-29T03:00:00","guid":{"rendered":"https:\/\/hostnetart.com.br\/baixada\/santander-frustra-trabalhadores-em-negociacao-da-renovacao-do-aditivo-a-cct\/"},"modified":"2016-06-29T00:00:00","modified_gmt":"2016-06-29T03:00:00","slug":"santander-frustra-trabalhadores-em-negociacao-da-renovacao-do-aditivo-a-cct","status":"publish","type":"post","link":"https:\/\/hostnetart.com.br\/baixada\/santander-frustra-trabalhadores-em-negociacao-da-renovacao-do-aditivo-a-cct\/","title":{"rendered":"Santander frustra trabalhadores em negocia\u00e7\u00e3o da renova\u00e7\u00e3o do Aditivo \u00e0 CCT"},"content":{"rendered":"<p>Proposta do banco n\u00e3o atende \u00e0s reivindica\u00e7\u00f5es dos banc\u00e1rios<\/p>\n<p>A Contraf-CUT, assessorada pela COE-Comiss\u00e3o de Organiza\u00e7\u00e3o dos Empregados do Santander reuniu-se com o banco nesta quarta-feira (22), em S\u00e3o Paulo, para discutir a renova\u00e7\u00e3o do Acordo Aditivo \u00e0 Conven\u00e7\u00e3o Coletiva de Trabalho (CCT).<\/p>\n<p>Segundo Mario Raia, secret\u00e1rio de Rela\u00e7\u00f5es internacionais da Contraf-CUT, o banco prop\u00f4s a renova\u00e7\u00e3o do aditivo na totalidade, por\u00e9m, com algumas inclus\u00f5es e uma altera\u00e7\u00e3o, que n\u00e3o atendem \u00e0s reivindica\u00e7\u00f5es dos banc\u00e1rios.<\/p>\n<p>O banco prop\u00f5e altera\u00e7\u00f5es na cl\u00e1usula de bolsas aux\u00edlio estudo que dificultariam o acesso do trabalhador ao benef\u00edcio, al\u00e9m de n\u00e3o reajustar o valor. O Santander tamb\u00e9m se limita a discutir em outro momento quest\u00f5es que afligem os funcion\u00e1rios, em temas como sa\u00fade e condi\u00e7\u00f5es de trabalho.<\/p>\n<p>\u201cNa nossa avalia\u00e7\u00e3o esta proposta da forma como est\u00e1 \u00e9 um retrocesso em rela\u00e7\u00e3o ao Acordo Aditivo anterior. \u00c9 inaceit\u00e1vel que na quarta rodada de negocia\u00e7\u00e3o o banco n\u00e3o traga uma proposta decente. Al\u00e9m de n\u00e3o avan\u00e7ar, traz uma cl\u00e1usula piorada, como a das bolsas aux\u00edlio estudo\u201d, afirma Mario Raia.<\/p>\n<p>Sobre o PPRS- Programa de Participa\u00e7\u00e3o nos Resultados Santander, o banco n\u00e3o apresentou proposta, alegando n\u00e3o ter tido tempo h\u00e1bil para isso. O banco tamb\u00e9m informou que n\u00e3o haver\u00e1 negocia\u00e7\u00e3o na pr\u00f3xima quarta-feira e que s\u00f3 voltar\u00e1 a negociar na semana seguinte com previs\u00e3o para o dia 6, data ainda ser\u00e1 confirmada.<\/p>\n<p>\u201cEst\u00e1 faltando empenho da parte do banco. N\u00f3s acreditamos na via negocial e vamos continuar insistindo nas nossas reivindica\u00e7\u00f5es e na intensifica\u00e7\u00e3o da mobiliza\u00e7\u00e3o dos trabalhadores\u201d afirma Maria Rosani, coordenadora da COE.<\/p>\n<p>Fonte: Contraf-CUT<\/p>\n","protected":false},"excerpt":{"rendered":"<p>Proposta do banco n\u00e3o atende \u00e0s reivindica\u00e7\u00f5es dos banc\u00e1rios A Contraf-CUT, assessorada pela COE-Comiss\u00e3o de Organiza\u00e7\u00e3o dos Empregados do Santander reuniu-se com o banco nesta quarta-feira (22), em S\u00e3o Paulo, para discutir a renova\u00e7\u00e3o do Acordo Aditivo \u00e0 Conven\u00e7\u00e3o Coletiva de Trabalho (CCT). Segundo Mario Raia, secret\u00e1rio de Rela\u00e7\u00f5es internacionais da Contraf-CUT, o banco prop\u00f4s [&hellip;]<\/p>\n","protected":false},"author":1,"featured_media":0,"comment_status":"","ping_status":"","sticky":false,"template":"","format":"standard","meta":{"footnotes":""},"categories":[3],"tags":[],"class_list":["post-2009","post","type-post","status-publish","format-standard","hentry","category-noticias"],"_links":{"self":[{"href":"https:\/\/hostnetart.com.br\/baixada\/wp-json\/wp\/v2\/posts\/2009","targetHints":{"allow":["GET"]}}],"collection":[{"href":"https:\/\/hostnetart.com.br\/baixada\/wp-json\/wp\/v2\/posts"}],"about":[{"href":"https:\/\/hostnetart.com.br\/baixada\/wp-json\/wp\/v2\/types\/post"}],"author":[{"embeddable":true,"href":"https:\/\/hostnetart.com.br\/baixada\/wp-json\/wp\/v2\/users\/1"}],"replies":[{"embeddable":true,"href":"https:\/\/hostnetart.com.br\/baixada\/wp-json\/wp\/v2\/comments?post=2009"}],"version-history":[{"count":0,"href":"https:\/\/hostnetart.com.br\/baixada\/wp-json\/wp\/v2\/posts\/2009\/revisions"}],"wp:attachment":[{"href":"https:\/\/hostnetart.com.br\/baixada\/wp-json\/wp\/v2\/media?parent=2009"}],"wp:term":[{"taxonomy":"category","embeddable":true,"href":"https:\/\/hostnetart.com.br\/baixada\/wp-json\/wp\/v2\/categories?post=2009"},{"taxonomy":"post_tag","embeddable":true,"href":"https:\/\/hostnetart.com.br\/baixada\/wp-json\/wp\/v2\/tags?post=2009"}],"curies":[{"name":"wp","href":"https:\/\/api.w.org\/{rel}","templated":true}]}}