{"id":2005,"date":"2016-06-22T00:00:00","date_gmt":"2016-06-22T03:00:00","guid":{"rendered":"https:\/\/hostnetart.com.br\/baixada\/paridade-de-genero-passou-a-ser-obrigatoria-no-32-congresso-nacional-dos-empregados-da-caixa\/"},"modified":"2016-06-22T00:00:00","modified_gmt":"2016-06-22T03:00:00","slug":"paridade-de-genero-passou-a-ser-obrigatoria-no-32-congresso-nacional-dos-empregados-da-caixa","status":"publish","type":"post","link":"https:\/\/hostnetart.com.br\/baixada\/paridade-de-genero-passou-a-ser-obrigatoria-no-32-congresso-nacional-dos-empregados-da-caixa\/","title":{"rendered":"Paridade de g\u00eanero passou a ser obrigat\u00f3ria no 32\u00ba Congresso Nacional dos Empregados da Caixa"},"content":{"rendered":"<p>Para a categoria, a paridade \u00e9 fundamental para fortalecer o processo democr\u00e1tico<\/p>\n<p>A edi\u00e7\u00e3o deste ano do Congresso Nacional dos Empregados da Caixa Econ\u00f4mica Federal foi marcada por uma forte representa\u00e7\u00e3o e pelo pioneirismo da ado\u00e7\u00e3o do princ\u00edpio da paridade de g\u00eanero, que passou a ser obrigat\u00f3ria a partir do 32\u00ba Conecef, conforme delibera\u00e7\u00e3o aprovada em 2013. Esse objetivo foi quase atingido no evento de 2016, que contou com a participa\u00e7\u00e3o de 352 delegados, dos quais 185 homens (52%) e 168 mulheres (48%). \u201cEssa \u00e9 uma bandeira hist\u00f3rica do movimento dos empregados da Caixa, que sempre foi vanguarda na pol\u00edtica de igualdade de g\u00eaneros\u201d, destacou Fabiana Matheus, coordenadora da Comiss\u00e3o Executiva dos Empregados da Caixa (CEE\/Caixa), que assessora a Confedera\u00e7\u00e3o Nacional dos Trabalhadores do Ramo Financeiro (Contraf\/CUT) nas negocia\u00e7\u00f5es com o banco.<\/p>\n<p>Na abertura da plen\u00e1ria geral deste domingo, Fabiana Matheus tamb\u00e9m prestou esclarecimentos sobre como as delega\u00e7\u00f5es estaduais devem ser formadas em rela\u00e7\u00e3o \u00e0 quest\u00e3o de g\u00eanero. Segundo a dirigente, que responde ainda pelo cargo de diretora de Administra\u00e7\u00e3o e Finan\u00e7as da Fenae, \u201ca paridade deve ser respeitada pela delega\u00e7\u00e3o no somat\u00f3rio total de ativos e aposentados. Quanto aos observadores, n\u00e3o \u00e9 obrigat\u00f3ria, mas a orienta\u00e7\u00e3o do congresso \u00e9 para que tamb\u00e9m seja observada\u201d.<\/p>\n<p>A coordenadora da CEE\/Caixa informou que ser\u00e3o aprimoradas as condi\u00e7\u00f5es de estrutura com creche e a garantia de deslocamento de menores, para que os delegados e as delegadas possam trazer seus filhos, conforme proposta aprovada na plen\u00e1ria que apreciou os relat\u00f3rios dos grupos. Fabiana Matheus lembrou que a paridade deve ser constru\u00edda pelas bases a partir de agora e n\u00e3o \u00e0s v\u00e9speras do pr\u00f3ximo Conecef. \u201cAssim, acreditamos que, com a constru\u00e7\u00e3o nos estados, no 33\u00ba Conecef a paridade estar\u00e1 consolidada. Isso \u00e9 fundamental para fortalecer o processo democr\u00e1tico nos espa\u00e7os representativos,\u201d acrescentou.<\/p>\n<p>Fonte: Contraf-CUT com Fenae<\/p>\n","protected":false},"excerpt":{"rendered":"<p>Para a categoria, a paridade \u00e9 fundamental para fortalecer o processo democr\u00e1tico A edi\u00e7\u00e3o deste ano do Congresso Nacional dos Empregados da Caixa Econ\u00f4mica Federal foi marcada por uma forte representa\u00e7\u00e3o e pelo pioneirismo da ado\u00e7\u00e3o do princ\u00edpio da paridade de g\u00eanero, que passou a ser obrigat\u00f3ria a partir do 32\u00ba Conecef, conforme delibera\u00e7\u00e3o aprovada [&hellip;]<\/p>\n","protected":false},"author":1,"featured_media":0,"comment_status":"","ping_status":"","sticky":false,"template":"","format":"standard","meta":{"footnotes":""},"categories":[3],"tags":[],"class_list":["post-2005","post","type-post","status-publish","format-standard","hentry","category-noticias"],"_links":{"self":[{"href":"https:\/\/hostnetart.com.br\/baixada\/wp-json\/wp\/v2\/posts\/2005","targetHints":{"allow":["GET"]}}],"collection":[{"href":"https:\/\/hostnetart.com.br\/baixada\/wp-json\/wp\/v2\/posts"}],"about":[{"href":"https:\/\/hostnetart.com.br\/baixada\/wp-json\/wp\/v2\/types\/post"}],"author":[{"embeddable":true,"href":"https:\/\/hostnetart.com.br\/baixada\/wp-json\/wp\/v2\/users\/1"}],"replies":[{"embeddable":true,"href":"https:\/\/hostnetart.com.br\/baixada\/wp-json\/wp\/v2\/comments?post=2005"}],"version-history":[{"count":0,"href":"https:\/\/hostnetart.com.br\/baixada\/wp-json\/wp\/v2\/posts\/2005\/revisions"}],"wp:attachment":[{"href":"https:\/\/hostnetart.com.br\/baixada\/wp-json\/wp\/v2\/media?parent=2005"}],"wp:term":[{"taxonomy":"category","embeddable":true,"href":"https:\/\/hostnetart.com.br\/baixada\/wp-json\/wp\/v2\/categories?post=2005"},{"taxonomy":"post_tag","embeddable":true,"href":"https:\/\/hostnetart.com.br\/baixada\/wp-json\/wp\/v2\/tags?post=2005"}],"curies":[{"name":"wp","href":"https:\/\/api.w.org\/{rel}","templated":true}]}}