{"id":1999,"date":"2016-06-20T00:00:00","date_gmt":"2016-06-20T03:00:00","guid":{"rendered":"https:\/\/hostnetart.com.br\/baixada\/congressos-do-bb-e-da-caixa-sao-exemplos-de-mobilizacao-da-categoria\/"},"modified":"2016-06-20T00:00:00","modified_gmt":"2016-06-20T03:00:00","slug":"congressos-do-bb-e-da-caixa-sao-exemplos-de-mobilizacao-da-categoria","status":"publish","type":"post","link":"https:\/\/hostnetart.com.br\/baixada\/congressos-do-bb-e-da-caixa-sao-exemplos-de-mobilizacao-da-categoria\/","title":{"rendered":"Congressos do BB e da Caixa s\u00e3o exemplos de mobiliza\u00e7\u00e3o da categoria"},"content":{"rendered":"<p>Em um per\u00edodo de amea\u00e7a aos bancos p\u00fablicos, mais de 800 banc\u00e1rios se re\u00fanem para definir rumos da luta<\/p>\n<p>\u201cEncerramos, acumulamos e agora vamos \u00e0 luta. Tenho certeza que cada banc\u00e1rio e cada banc\u00e1ria sai daqui convicto de uma coisa: s\u00f3 a luta te garante!\u201d, afirmou Roberto von der Osten, presidente da Contraf-CUT, ao final do 27\u00ba Congresso Nacional dos Funcion\u00e1rios do BB e do 32\u00ba Congresso Nacional dos Empregados da Caixa Econ\u00f4mica Federal (Conecef), neste domingo (19).<\/p>\n<p>Durante tr\u00eas dias, mais de 800 trabalhadores, entre delegados, convidados e observadores estiveram presentes no Hotel Holiday Inn, no Parque Anhembi, em S\u00e3o Paulo, para debater as demandas dos trabalhadores do Banco do Brasil e da Caixa. \u201cFizemos isso num momento hist\u00f3rico de conjuntura, num momento em que os bancos p\u00fablicos est\u00e3o sendo amea\u00e7ados por um governo interino golpista\u201d, ressaltou Roberto von der Osten.<\/p>\n<p>Cada um dos congressos aprovou as pautas espec\u00edficas, que ser\u00e3o encaminhadas aos bancos. O presidente da Contraf-CUT agradeceu a cada banc\u00e1rio e banc\u00e1ria que participou e contribuiu para a constru\u00e7\u00e3o do nosso pensamento a respeito da conjuntura e da campanha nacional. \u201cQuero agradecer a todos os sindicatos e federa\u00e7\u00f5es, que fizeram debate no seu \u00e2mbito, trouxeram seus delegados e, com todo respeito, fizemos o debate da nossa diversidade para a constru\u00e7\u00e3o de uma posi\u00e7\u00e3o para n\u00f3s defendermos os bancos p\u00fablicos e defender nossa campanha nacional. \u201c<\/p>\n<p>O Secret\u00e1rio-geral da Contraf-CUT, Carlos de Souza, enalteceu a import\u00e2ncia do 1\u00ba Semin\u00e1rio Nacional em Defesa dos Bancos P\u00fablicos, realizado na sexta-feira (17). Com o objetivo de debater a grande amea\u00e7a que o governo do presidente interino, Michel Temer representa ao patrim\u00f4nio p\u00fablico, o Semin\u00e1rio reuniu banc\u00e1rios de bancos p\u00fablicos e privados, al\u00e9m de envolver diversos atores da sociedade civil, movimentos sindicais, sociais e populares, MST e parlamentares.<\/p>\n<p>Para ele, a volta da agenda neoliberal significa a abertura de capital de empresas p\u00fablicas, desregulamenta\u00e7\u00e3o, extin\u00e7\u00e3o de \u00f3rg\u00e3os de controle, dispensa de licita\u00e7\u00e3o, retirada de direitos, enfim, um grande retrocesso para o pa\u00eds. \u201cEstamos vivenciando o mesmo enredo usado pelo governo FHC para justificar a entrega do patrim\u00f4nio brasileiro na d\u00e9cada de 90. Diante desse quadro preocupante, estaremos reunindo for\u00e7as neste semin\u00e1rio para construir uma grande unidade nacional em defesa dos bancos p\u00fablicos.\u201d<\/p>\n<p>Fonte: Rede Nacional de Comunica\u00e7\u00e3o dos Banc\u00e1rios<\/p>\n","protected":false},"excerpt":{"rendered":"<p>Em um per\u00edodo de amea\u00e7a aos bancos p\u00fablicos, mais de 800 banc\u00e1rios se re\u00fanem para definir rumos da luta \u201cEncerramos, acumulamos e agora vamos \u00e0 luta. Tenho certeza que cada banc\u00e1rio e cada banc\u00e1ria sai daqui convicto de uma coisa: s\u00f3 a luta te garante!\u201d, afirmou Roberto von der Osten, presidente da Contraf-CUT, ao final [&hellip;]<\/p>\n","protected":false},"author":1,"featured_media":0,"comment_status":"","ping_status":"","sticky":false,"template":"","format":"standard","meta":{"footnotes":""},"categories":[3],"tags":[],"class_list":["post-1999","post","type-post","status-publish","format-standard","hentry","category-noticias"],"_links":{"self":[{"href":"https:\/\/hostnetart.com.br\/baixada\/wp-json\/wp\/v2\/posts\/1999","targetHints":{"allow":["GET"]}}],"collection":[{"href":"https:\/\/hostnetart.com.br\/baixada\/wp-json\/wp\/v2\/posts"}],"about":[{"href":"https:\/\/hostnetart.com.br\/baixada\/wp-json\/wp\/v2\/types\/post"}],"author":[{"embeddable":true,"href":"https:\/\/hostnetart.com.br\/baixada\/wp-json\/wp\/v2\/users\/1"}],"replies":[{"embeddable":true,"href":"https:\/\/hostnetart.com.br\/baixada\/wp-json\/wp\/v2\/comments?post=1999"}],"version-history":[{"count":0,"href":"https:\/\/hostnetart.com.br\/baixada\/wp-json\/wp\/v2\/posts\/1999\/revisions"}],"wp:attachment":[{"href":"https:\/\/hostnetart.com.br\/baixada\/wp-json\/wp\/v2\/media?parent=1999"}],"wp:term":[{"taxonomy":"category","embeddable":true,"href":"https:\/\/hostnetart.com.br\/baixada\/wp-json\/wp\/v2\/categories?post=1999"},{"taxonomy":"post_tag","embeddable":true,"href":"https:\/\/hostnetart.com.br\/baixada\/wp-json\/wp\/v2\/tags?post=1999"}],"curies":[{"name":"wp","href":"https:\/\/api.w.org\/{rel}","templated":true}]}}