{"id":1993,"date":"2016-06-20T00:00:00","date_gmt":"2016-06-20T03:00:00","guid":{"rendered":"https:\/\/hostnetart.com.br\/baixada\/32-conecef-aprova-pauta-de-reivindicacoes-especificas-com-fora-temer-e-defesa-da-caixa-100-publica\/"},"modified":"2016-06-20T00:00:00","modified_gmt":"2016-06-20T03:00:00","slug":"32-conecef-aprova-pauta-de-reivindicacoes-especificas-com-fora-temer-e-defesa-da-caixa-100-publica","status":"publish","type":"post","link":"https:\/\/hostnetart.com.br\/baixada\/32-conecef-aprova-pauta-de-reivindicacoes-especificas-com-fora-temer-e-defesa-da-caixa-100-publica\/","title":{"rendered":"32\u00ba Conecef aprova pauta de reivindica\u00e7\u00f5es espec\u00edficas, com Fora Temer e defesa da Caixa 100% p\u00fablica"},"content":{"rendered":"<p>A edi\u00e7\u00e3o deste ano foi marcada por uma forte representa\u00e7\u00e3o e pelo pioneirismo da ado\u00e7\u00e3o do princ\u00edpio da paridade de g\u00eanero<\/p>\n<p>Depois de tr\u00eas dias de debates, o 32\u00ba Congresso Nacional dos Empregados da Caixa Econ\u00f4mica Federal (Conecef) foi encerrado, neste domingo (19), no Hotel Holiday Inn, no Parque Anhembi, em S\u00e3o Paulo, com a aprova\u00e7\u00e3o da pauta de reivindica\u00e7\u00f5es espec\u00edficas que ser\u00e1 defendida durante a Campanha Nacional dos Banc\u00e1rios 2016, tendo como alguns dos eixos o Fora Temer, a defesa da Caixa 100% p\u00fablica, o fortalecimento do papel social do banco, as condi\u00e7\u00f5es dignas de trabalho e mais contrata\u00e7\u00e3o de empregados.<\/p>\n<p>A edi\u00e7\u00e3o deste ano foi marcada por uma forte representa\u00e7\u00e3o e pelo pioneirismo da ado\u00e7\u00e3o do princ\u00edpio da paridade de g\u00eanero, que passa a ser obrigat\u00f3ria a partir do 32\u00ba Conecef, conforme delibera\u00e7\u00e3o aprovada em 2013. Esse objetivo foi quase atingido no evento de 2016, que contou com a participa\u00e7\u00e3o de 352 delegados, dos quais 185 homens (52%) e 168 mulheres (48%). \u201cEssa \u00e9 uma bandeira hist\u00f3rica do movimento dos empregados da Caixa, que sempre foi vanguarda na pol\u00edtica de igualdade de g\u00eaneros\u201d, destacou Fabiana Matheus, coordenadora da Comiss\u00e3o Executiva dos Empregados da Caixa (CEE\/Caixa), que assessora a Confedera\u00e7\u00e3o Nacional dos Trabalhadores do Ramo Financeiro (Contraf\/CUT) nas negocia\u00e7\u00f5es com o banco.<br \/>Na abertura da plen\u00e1ria geral deste domingo, Fabiana Matheus tamb\u00e9m prestou esclarecimentos sobre como as delega\u00e7\u00f5es estaduais devem ser formadas em rela\u00e7\u00e3o \u00e0 quest\u00e3o de g\u00eanero. Segundo a dirigente, que responde ainda pelo cargo de diretora de Administra\u00e7\u00e3o e Finan\u00e7as da Fenae, \u201ca paridade deve ser respeitada pela delega\u00e7\u00e3o como um todo, tanto para ativos quanto para o segmento dos aposentados. Quanto aos observadores, n\u00e3o \u00e9 obrigat\u00f3ria, mas a orienta\u00e7\u00e3o do congresso \u00e9 para que tamb\u00e9m seja observada\u201d.<br \/>A coordenadora da CEE\/Caixa informou que ser\u00e3o aprimoradas as condi\u00e7\u00f5es de estrutura com creche e a garantia de deslocamento de menores, para que os delegados e as delegadas possam trazer seus filhos, conforme proposta aprovada na plen\u00e1ria que apreciou os relat\u00f3rios dos grupos. Fabiana Matheus lembrou que a paridade deve ser constru\u00edda pelas bases a partir de agora e n\u00e3o \u00e0s v\u00e9speras do pr\u00f3ximo Conecef. \u201cAssim, acreditamos que, com a constru\u00e7\u00e3o nos estados, no 33\u00ba Conecef a paridade estar\u00e1 consolidada. Isso \u00e9 fundamental para fortalecer o processo democr\u00e1tico nos espa\u00e7os representativos,\u201d acrescentou.<\/p>\n<p>Reivindica\u00e7\u00f5es para a campanha unificada<br \/>Foi aprovada ainda, na ocasi\u00e3o, a estrat\u00e9gia de campanha nacional unificada dos trabalhadores dos bancos p\u00fablicos e privados. Aliado a isso, os participantes do 32\u00ba Conecef definiram a mobiliza\u00e7\u00e3o pelo Fora Temer, diante da amea\u00e7a real para os direitos dos trabalhadores e para as empresas p\u00fablicas. Par isso, os delegados e as delegadas decidiram juntar esfor\u00e7os ao movimento social e sindical na constru\u00e7\u00e3o de uma Greve Geral que mobilize a sociedade, envolvendo as centrais sindicais e os movimentos populares organizados. O prop\u00f3sito \u00e9 o de reafirmar o \u201cFora Temer\u201d e combater a pol\u00edtica econ\u00f4mica neoliberal desse governo interino e ileg\u00edtimo que est\u00e1 golpeando violentamente direitos trabalhistas, civis e sociais.<br \/>Para os participantes do 32\u00ba Conecef, o ataque \u00e0 CLT, a criminaliza\u00e7\u00e3o dos movimentos sociais, a promo\u00e7\u00e3o da intoler\u00e2ncia religiosa e sexual, dentre outros, promovidos pela alian\u00e7a pol\u00edtico-judicial-midi\u00e1tica, que sempre foi reacion\u00e1ria, devem ser combatidos sem tr\u00e9gua por todas as for\u00e7as progressistas e classistas do pa\u00eds. E deixam claro o seguinte: banc\u00e1rios e banc\u00e1rias da Caixa, mais uma vez, fazem-se presentes na luta por mais democracia e pelos direitos de todos. A mobiliza\u00e7\u00e3o, portanto, \u00e9 para que a Caixa permane\u00e7a 100% p\u00fablica e que se mantenha e se fortale\u00e7a como banco social, continuando a atuar como grande respons\u00e1vel por pol\u00edticas p\u00fablicas de transfer\u00eancia de renda e de habita\u00e7\u00e3o e moradia.<br \/>\u201cChegamos ao 32\u00ba Conecef com uma plataforma de reivindica\u00e7\u00f5es \u00fanica que representa os trabalhadores. Viva os empregados da Caixa, viva a Caixa e vamos \u00e0 luta!\u201d, frisou Gen\u00e9sio Cardoso, membro da CEE\/Caixa e dirigente sindical do Paran\u00e1.<br \/>O Conecef deste ano teve como lema \u201cLutar sempre vale a pena \u2013 N\u00f3s somos a resist\u00eancia!\u201d. A defesa da Caixa 100% p\u00fablica, somada \u00e0 luta por mais contrata\u00e7\u00f5es e contra a precariedade das condi\u00e7\u00f5es de trabalho, foi o principal tema em discuss\u00e3o. A crescente eleva\u00e7\u00e3o do volume de trabalho face \u00e0 forte car\u00eancia de pessoal, a pr\u00e1tica rotineira de horas extras sem registro correto e pagamento correspondente e a cobran\u00e7a por metas desmedidas figuraram entre os fatores cr\u00edticos apontados nos debates dos cinco grupos de trabalho. Esse processo tamb\u00e9m foi norteado pelo princ\u00edpio de que defender a Caixa \u00e9 defender o Brasil, sobretudo porque o banco sem papel social perde a sua raz\u00e3o de ser.<br \/>Uma necessidade premente foi apontada como urgente e imediata: intensificar a mobiliza\u00e7\u00e3o contra o processo de reestrutura\u00e7\u00e3o e contra o Programa de Gest\u00e3o por Desempenho (GDP). Outra prioridade \u00e9 o combate ao ass\u00e9dio moral e sexual, e a todas as formas de viol\u00eancia organizacional, com a inclus\u00e3o, entre outras medidas, das puni\u00e7\u00f5es normativas previstas nos manuais disciplinadores contra os assediadores que pratiquem, comprovadamente, qualquer forma de viol\u00eancia moral contra colegas, subordinados e demais pessoas, sem negligenciar os aspectos organizacionais envolvidos. Ficou acertado ainda que, conclu\u00eddo o processo administrativo, e confirmadas \u00e0s den\u00fancias, caber\u00e1 \u00e0 Caixa, como em qualquer caso de crime, denunciar \u00e0s autoridades competentes.<\/p>\n<p>Muita mobiliza\u00e7\u00e3o e grandes debates <br \/>Por ocasi\u00e3o do 1\u00ba Semin\u00e1rio Nacional em Defesa dos Bancos P\u00fablicos, realizado em conjunto com os trabalhadores do Banco do Brasil, na sexta-feira (17), o presidente da Fenae, Jair Pedro Ferreira, enfatizou a \u00e1rdua batalha contra o PL 4918, antigo PLS 555, o projeto da privatiza\u00e7\u00e3o. \u201cFoi um per\u00edodo de muita mobiliza\u00e7\u00e3o e grandes debates, com o apoio dos senadores Paulo Paim (PT\/RS) e Lindbergh Farias (PT\/RJ). A luta n\u00e3o terminou e exige resist\u00eancia dos trabalhadores. Ainda n\u00e3o podemos nos desmobilizar. Se \u00e9 p\u00fablico, \u00e9 para todos, tendo em vista que o privado \u00e9 para poucos\u201d, alertou. Coube a esse semin\u00e1rio abrir oficialmente os debates dos congressos espec\u00edficos dos trabalhadores dos dois maiores bancos p\u00fablicos do pa\u00eds.<br \/>Jair Ferreira lembrou ainda que a luta \u00e9 por um Estado inclusivo, que distribua renda e respeite as pessoas, pois n\u00e3o d\u00e1 mais para retroceder. E acrescentou: \u201cO papel social da Caixa precisa ser reafirmado, com o devido respeito aos empregados. Isto \u00e9 fundamental para uma empresa mais justa e para um pa\u00eds mais democr\u00e1tico\u201d.<br \/>Essa demanda foi refor\u00e7ada por Roberto Von der Osten, presidente da Contraf\/CUT, entidade que organizou o evento com o apoio da Fenae. O dirigente sindical, que tamb\u00e9m coordena o Comando Nacional dos Banc\u00e1rios, convocou a categoria banc\u00e1ria para se mobilizar contra qualquer tentativa de retrocessos nos direitos dos trabalhadores e nas pol\u00edticas para redu\u00e7\u00e3o da desigualdade social no Brasil.<br \/>Na cerim\u00f4nia de abertura do evento, ocorrida na sexta-feira (17), o presidente da Contraf\/CUT destacou a import\u00e2ncia dos bancos p\u00fablicos para o desenvolvimento econ\u00f4mico e social do pa\u00eds, acrescentando ser preciso evitar que Caixa e BB sejam transformados em meros escrit\u00f3rios de pol\u00edticas p\u00fablicas. Na ocasi\u00e3o, Roberto Osten ressaltou a atua\u00e7\u00e3o do Comit\u00ea Nacional em Defesa das Empresas P\u00fablicas, \u201cpara barrar no Congresso Nacional os projetos de lei que visam enfraquecer o segmento e retomar as privatiza\u00e7\u00f5es, a exemplo do que ocorreu durante o governo FHC\u201d.<br \/>A conjuntura nacional tamb\u00e9m foi debatida durante o 32\u00ba Conecef. Isso ocorreu por ocasi\u00e3o do Semin\u00e1rio Nacional em Defesa dos Bancos P\u00fablicos, que contou com a participa\u00e7\u00e3o de personalidades da academia, de parlamentares e de representantes dos movimentos sindicais e sociais. De comum, todos os discursos reafirmaram o seguinte: em um momento em que o retrocesso amea\u00e7a a todos, a unidade e a resist\u00eancia dos trabalhadores s\u00e3o fundamentais.<br \/>Reuni\u00f5es em grupo no segundo dia<br \/>No segundo dia do Conecef, os delegados e as delegadas fizeram os debates em grupos sobre os temas sa\u00fade do trabalhador, condi\u00e7\u00f5es de trabalho, Sa\u00fade Caixa e GDP (1); Funcef, Prevhab e aposentados (2); seguran\u00e7a banc\u00e1ria, infraestrutura das unidades e terceiriza\u00e7\u00e3o (3); Caixa 100% p\u00fablica, contrata\u00e7\u00e3o, Sipon e jornada de trabalho (4); isonomia, carreira e reestrutura\u00e7\u00e3o (5). O tema organiza\u00e7\u00e3o do movimento foi abordado em todos os grupos.<br \/>Para Jair Pedro Ferreira, a \u00eanfase dada pelo congresso \u00e0 dif\u00edcil realidade do trabalho nas ag\u00eancias, resultando em delibera\u00e7\u00f5es que fortalecem a press\u00e3o sobre a empresa por solu\u00e7\u00f5es consistentes e adequadas, mostra que o principal objetivo do 32\u00ba Conecef foi alcan\u00e7ado com louvor. \u201cSa\u00edmos desse congresso com uma pauta de reivindica\u00e7\u00f5es sintonizada com as expectativas dos trabalhadores, com aperfei\u00e7oamentos na nossa estrat\u00e9gia de organiza\u00e7\u00e3o e de mobiliza\u00e7\u00e3o e com a nossa unidade fortalecida\u201d, ressaltou.<\/p>\n<p>Fonte: Rede Nacional de Comunica\u00e7\u00e3o dos Banc\u00e1rios<\/p>\n","protected":false},"excerpt":{"rendered":"<p>A edi\u00e7\u00e3o deste ano foi marcada por uma forte representa\u00e7\u00e3o e pelo pioneirismo da ado\u00e7\u00e3o do princ\u00edpio da paridade de g\u00eanero Depois de tr\u00eas dias de debates, o 32\u00ba Congresso Nacional dos Empregados da Caixa Econ\u00f4mica Federal (Conecef) foi encerrado, neste domingo (19), no Hotel Holiday Inn, no Parque Anhembi, em S\u00e3o Paulo, com a [&hellip;]<\/p>\n","protected":false},"author":1,"featured_media":0,"comment_status":"","ping_status":"","sticky":false,"template":"","format":"standard","meta":{"footnotes":""},"categories":[3],"tags":[],"class_list":["post-1993","post","type-post","status-publish","format-standard","hentry","category-noticias"],"_links":{"self":[{"href":"https:\/\/hostnetart.com.br\/baixada\/wp-json\/wp\/v2\/posts\/1993","targetHints":{"allow":["GET"]}}],"collection":[{"href":"https:\/\/hostnetart.com.br\/baixada\/wp-json\/wp\/v2\/posts"}],"about":[{"href":"https:\/\/hostnetart.com.br\/baixada\/wp-json\/wp\/v2\/types\/post"}],"author":[{"embeddable":true,"href":"https:\/\/hostnetart.com.br\/baixada\/wp-json\/wp\/v2\/users\/1"}],"replies":[{"embeddable":true,"href":"https:\/\/hostnetart.com.br\/baixada\/wp-json\/wp\/v2\/comments?post=1993"}],"version-history":[{"count":0,"href":"https:\/\/hostnetart.com.br\/baixada\/wp-json\/wp\/v2\/posts\/1993\/revisions"}],"wp:attachment":[{"href":"https:\/\/hostnetart.com.br\/baixada\/wp-json\/wp\/v2\/media?parent=1993"}],"wp:term":[{"taxonomy":"category","embeddable":true,"href":"https:\/\/hostnetart.com.br\/baixada\/wp-json\/wp\/v2\/categories?post=1993"},{"taxonomy":"post_tag","embeddable":true,"href":"https:\/\/hostnetart.com.br\/baixada\/wp-json\/wp\/v2\/tags?post=1993"}],"curies":[{"name":"wp","href":"https:\/\/api.w.org\/{rel}","templated":true}]}}