{"id":1983,"date":"2016-06-08T00:00:00","date_gmt":"2016-06-08T03:00:00","guid":{"rendered":"https:\/\/hostnetart.com.br\/baixada\/bancarios-do-bmb-ressaltam-importancia-do-encontro-nacional\/"},"modified":"2016-06-08T00:00:00","modified_gmt":"2016-06-08T03:00:00","slug":"bancarios-do-bmb-ressaltam-importancia-do-encontro-nacional","status":"publish","type":"post","link":"https:\/\/hostnetart.com.br\/baixada\/bancarios-do-bmb-ressaltam-importancia-do-encontro-nacional\/","title":{"rendered":"Banc\u00e1rios do BMB ressaltam import\u00e2ncia do Encontro Nacional"},"content":{"rendered":"<p>Na \u00e1rea social, as reivindica\u00e7\u00f5es s\u00e3o para a inclus\u00e3o dos dependentes nos programas de vacina\u00e7\u00e3o contra a H1N1 e a inclus\u00e3o do c\u00f4njuge no plano de sa\u00fade<\/p>\n<p>O Coordenador Nacional da Comiss\u00e3o de Organiza\u00e7\u00e3o dos Empregados do Mercantil do Brasil, Marco Aur\u00e9lio Alves, ressaltou a import\u00e2ncia do Encontro Nacional dos Funcion\u00e1rios de Bancos Privados para os banc\u00e1rios do BMB. \u201cO Mercantil do Brasil \u00e9 um banco regional, concentrado em Minas Gerais e no Interior de S\u00e3o Paulo. Participar deste encontro nacional j\u00e1 \u00e9 uma vit\u00f3ria para n\u00f3s. Teremos melhores condi\u00e7\u00f5es para apresentar nossas reivindica\u00e7\u00f5es espec\u00edficas e organizar a atua\u00e7\u00e3o no banco de maneira unificada com a campanha nacional. Com isso, podemos buscar melhorias para os banc\u00e1rios do Mercantil do Brasil\u201d, disse Marco Aur\u00e9lio.<\/p>\n<p>Para ele, no Mercantil do Brasil a atua\u00e7\u00e3o e a mobiliza\u00e7\u00e3o tem que ser diferenciada. \u201c\u00c9 preciso descentralizar e distribuir tarefas para os sindicatos atuarem tamb\u00e9m regionalmente\u201d.<\/p>\n<p>Marco Aur\u00e9lio disse tamb\u00e9m que existem reivindica\u00e7\u00f5es espec\u00edficas do banco. \u201cFalta transpar\u00eancia na defini\u00e7\u00e3o do PLR, um programa pr\u00f3prio do banco, os funcion\u00e1rios t\u00eam que ser valorizados, com implementa\u00e7\u00e3o de PCCS, pol\u00edticas sociais, incentivo \u00e0 profissionaliza\u00e7\u00e3o, amplia\u00e7\u00e3o do plano educacional e quest\u00f5es de seguran\u00e7a\u201d, explicou o Coordenador Nacional da Comiss\u00e3o de Organiza\u00e7\u00e3o dos Empregados do Mercantil do Brasil.<\/p>\n<p>SEGURAN\u00c7A<\/p>\n<p>Segundo Marco Aur\u00e9lio, o Mercantil do Brasil \u00e9 um dos poucos bancos que ainda possuem m\u00e1quinas com abastecimento frontal, o que ocasiona risco \u00e0 seguran\u00e7a dos funcion\u00e1rios e aos usu\u00e1rios. \u201cEstamos, junto ao Minist\u00e9rio P\u00fablico, cobrando a elimina\u00e7\u00e3o deste tipo de abastecimento. Aos poucos isso vem acontecendo, mas \u00e9 preciso que haja um cronograma com prazo adequado. Os prazos que o banco nos apresenta s\u00e3o invi\u00e1veis, com a elimina\u00e7\u00e3o em 10 anos. Isso n\u00f3s n\u00e3o aceitamos\u201d, disse.<\/p>\n<p>SOCIAL<\/p>\n<p>Na \u00e1rea social, as reivindica\u00e7\u00f5es s\u00e3o para a inclus\u00e3o dos dependentes nos programas de vacina\u00e7\u00e3o contra a H1N1 e para a inclus\u00e3o do c\u00f4njuge no plano de sa\u00fade sem \u00f4nus para os banc\u00e1rios ou pelo menos subsidiado.<\/p>\n<p>Fonte: Rede Nacional de Comunica\u00e7\u00e3o dos Banc\u00e1rios<\/p>\n","protected":false},"excerpt":{"rendered":"<p>Na \u00e1rea social, as reivindica\u00e7\u00f5es s\u00e3o para a inclus\u00e3o dos dependentes nos programas de vacina\u00e7\u00e3o contra a H1N1 e a inclus\u00e3o do c\u00f4njuge no plano de sa\u00fade O Coordenador Nacional da Comiss\u00e3o de Organiza\u00e7\u00e3o dos Empregados do Mercantil do Brasil, Marco Aur\u00e9lio Alves, ressaltou a import\u00e2ncia do Encontro Nacional dos Funcion\u00e1rios de Bancos Privados para [&hellip;]<\/p>\n","protected":false},"author":1,"featured_media":0,"comment_status":"","ping_status":"","sticky":false,"template":"","format":"standard","meta":{"footnotes":""},"categories":[3],"tags":[],"class_list":["post-1983","post","type-post","status-publish","format-standard","hentry","category-noticias"],"_links":{"self":[{"href":"https:\/\/hostnetart.com.br\/baixada\/wp-json\/wp\/v2\/posts\/1983","targetHints":{"allow":["GET"]}}],"collection":[{"href":"https:\/\/hostnetart.com.br\/baixada\/wp-json\/wp\/v2\/posts"}],"about":[{"href":"https:\/\/hostnetart.com.br\/baixada\/wp-json\/wp\/v2\/types\/post"}],"author":[{"embeddable":true,"href":"https:\/\/hostnetart.com.br\/baixada\/wp-json\/wp\/v2\/users\/1"}],"replies":[{"embeddable":true,"href":"https:\/\/hostnetart.com.br\/baixada\/wp-json\/wp\/v2\/comments?post=1983"}],"version-history":[{"count":0,"href":"https:\/\/hostnetart.com.br\/baixada\/wp-json\/wp\/v2\/posts\/1983\/revisions"}],"wp:attachment":[{"href":"https:\/\/hostnetart.com.br\/baixada\/wp-json\/wp\/v2\/media?parent=1983"}],"wp:term":[{"taxonomy":"category","embeddable":true,"href":"https:\/\/hostnetart.com.br\/baixada\/wp-json\/wp\/v2\/categories?post=1983"},{"taxonomy":"post_tag","embeddable":true,"href":"https:\/\/hostnetart.com.br\/baixada\/wp-json\/wp\/v2\/tags?post=1983"}],"curies":[{"name":"wp","href":"https:\/\/api.w.org\/{rel}","templated":true}]}}