{"id":1979,"date":"2016-06-01T00:00:00","date_gmt":"2016-06-01T03:00:00","guid":{"rendered":"https:\/\/hostnetart.com.br\/baixada\/bancarios-de-bancos-privados-se-reunem-entre-os-dias-7-e-8-em-sao-paulo\/"},"modified":"2016-06-01T00:00:00","modified_gmt":"2016-06-01T03:00:00","slug":"bancarios-de-bancos-privados-se-reunem-entre-os-dias-7-e-8-em-sao-paulo","status":"publish","type":"post","link":"https:\/\/hostnetart.com.br\/baixada\/bancarios-de-bancos-privados-se-reunem-entre-os-dias-7-e-8-em-sao-paulo\/","title":{"rendered":"Banc\u00e1rios de Bancos Privados se re\u00fanem entre os dias 7 e 8, em S\u00e3o Paulo"},"content":{"rendered":"<p>No dia 6, no Rio de Janeiro, os banc\u00e1rios participar\u00e3o do Ato em Defesa das Empresas P\u00fablicas, contra a onda privatista do presidente interino, Michel Temer<\/p>\n<p>Os Encontros Nacionais dos Bancos Privados acontecer\u00e3o entre os dias 7 e 8 de junho, na regi\u00e3o central da capital paulista. Na ocasi\u00e3o, banc\u00e1rios do Bradesco, HSBC, Ita\u00fa e BMB ir\u00e3o se reunir para discutir assuntos relacionados \u00e0 categoria banc\u00e1ria, levantar suas bandeiras e debater a conjuntura pol\u00edtica.<\/p>\n<p>Segundo o secret\u00e1rio-geral da Contraf-CUT, Carlos de Souza, a Confedera\u00e7\u00e3o est\u00e1 otimista em rela\u00e7\u00e3o ao encontro dos companheiros dos bancos privados, acreditando na unidade deste encontro constru\u00edda por v\u00e1rios meses pelos banc\u00e1rios, debatendo a conjuntura nacional, possam alimentar os encontros do Ita\u00fa, do Bradesco, do HSBC e Banco Mercantil, na constru\u00e7\u00e3o n\u00e3o apenas de uma grande e positiva campanha para os banc\u00e1rios, mas tamb\u00e9m na constru\u00e7\u00e3o da resist\u00eancia da nossa categoria aos ataques \u00e0 democracia e ao patrim\u00f4nio p\u00fablico nacional\u201d.<\/p>\n<p>Para o secret\u00e1rio, mais importante que as quest\u00f5es locais dos funcion\u00e1rios das institui\u00e7\u00f5es financeiras, os encontros ser\u00e3o um espa\u00e7o privilegiado para discutir as quest\u00f5es da sociedade.<\/p>\n<p>Os encontros acontecer\u00e3o no Hotel Excelsior, que fica na Av. Ipiranga, 770 \u2013 Rep\u00fablica, S\u00e3o Paulo. A abertura ser\u00e1 no dia 7, \u00e0s 10h.<\/p>\n<p>Clique aqui para ver a programa\u00e7\u00e3o dos Encontro Nacionais dos bancos Privados.<\/p>\n<p>Em defesa das Empresas P\u00fablicas<\/p>\n<p>No dia 6 de junho, um dia antes dos encontros dos bancos privados, os banc\u00e1rios e banc\u00e1rias de todo o pa\u00eds participar\u00e3o do Ato em Defesa das Empresas P\u00fablicas, que acontecer\u00e1 no Rio de Janeiro, com o objetivo de brecar a onda privatista do presidente interino, Michel Temer.<\/p>\n<p>O ato ser\u00e1 na Fundi\u00e7\u00e3o Progresso, com a presen\u00e7a de intelectuais, pol\u00edticos e representantes dos movimentos social e sindical. Centenas de entidades v\u00e3o participar do evento, que ter\u00e1 ainda show musical.<\/p>\n<p>As \u00faltimas declara\u00e7\u00f5es do presidente interino, Michel Temer, deixam claro que as empresas estatais e fundos de pens\u00e3o est\u00e3o com dias contados. As declara\u00e7\u00f5es acendem o alerta m\u00e1ximo para a mobiliza\u00e7\u00e3o contra o PL 4918 e outros que tramitam pelo Congresso Nacional, e refor\u00e7am a necessidade de uma grande participa\u00e7\u00e3o no ato em defesa das estatais e servi\u00e7os p\u00fablicos.<\/p>\n<p>Confira, abaixo, a programa\u00e7\u00e3o do ato.<\/p>\n<p>13h \u2013 Reuni\u00e3o do Comit\u00ea Nacional em Defesa das Empresas P\u00fablicas (Espa\u00e7o Armaz\u00e9m)<\/p>\n<p>14h30 \u2013 Abertura do evento com a presen\u00e7a do presidente da Fenae, Jair Pedro Ferreira, e representantes de entidades que integram o Comit\u00ea<\/p>\n<p>15h \u2013 In\u00edcio das palestras e do debate \u201cO que \u00e9 p\u00fablico para voc\u00ea\u201d. Com a presen\u00e7a de intelectuais, especialistas, pol\u00edticos e lideran\u00e7as dos movimentos social e sindical, tais como:<\/p>\n<p>Roberto van der Osten (presidente da Contraf-CUT);<\/p>\n<p>Marcia Tiburi (fil\u00f3sofa e autora de livros como As Mulheres e a Filosofia);<\/p>\n<p>Emir Sader (cientista pol\u00edtico, professor da UERJ);<\/p>\n<p>Ricardo Lodi (advogado professor de Direito Tribut\u00e1rio da UERJ);<\/p>\n<p>Jo\u00e3o Pedro St\u00e9dile (economista e um dos fundadores do MST);<\/p>\n<p>Guilherme Estrella (ge\u00f3logo e ex-diretor da Petrobras);<\/p>\n<p>Jo\u00e3o Ant\u00f4nio de Moraes (secret\u00e1rio de Rela\u00e7\u00f5es Internacionais e Movimentos Sociais da FUP);<\/p>\n<p>Senador Lindbergh Farias (PT-RJ);<\/p>\n<p>Deputada Federal Jandira Feghali (PCdoB-RJ);<\/p>\n<p>Maria Rita Serrano (coordenadora do Comit\u00ea Nacional em Defesa das Empresas P\u00fablicas).<\/p>\n<p>19h \u2013 Ato p\u00fablico, pol\u00edtico e cultural.<\/p>\n<p>21h \u2013 Encerramento com show do grupo de samba Casuarina.<\/p>\n<p>Fonte: Contraf-CUT<\/p>\n","protected":false},"excerpt":{"rendered":"<p>No dia 6, no Rio de Janeiro, os banc\u00e1rios participar\u00e3o do Ato em Defesa das Empresas P\u00fablicas, contra a onda privatista do presidente interino, Michel Temer Os Encontros Nacionais dos Bancos Privados acontecer\u00e3o entre os dias 7 e 8 de junho, na regi\u00e3o central da capital paulista. Na ocasi\u00e3o, banc\u00e1rios do Bradesco, HSBC, Ita\u00fa e [&hellip;]<\/p>\n","protected":false},"author":1,"featured_media":0,"comment_status":"","ping_status":"","sticky":false,"template":"","format":"standard","meta":{"footnotes":""},"categories":[3],"tags":[],"class_list":["post-1979","post","type-post","status-publish","format-standard","hentry","category-noticias"],"_links":{"self":[{"href":"https:\/\/hostnetart.com.br\/baixada\/wp-json\/wp\/v2\/posts\/1979","targetHints":{"allow":["GET"]}}],"collection":[{"href":"https:\/\/hostnetart.com.br\/baixada\/wp-json\/wp\/v2\/posts"}],"about":[{"href":"https:\/\/hostnetart.com.br\/baixada\/wp-json\/wp\/v2\/types\/post"}],"author":[{"embeddable":true,"href":"https:\/\/hostnetart.com.br\/baixada\/wp-json\/wp\/v2\/users\/1"}],"replies":[{"embeddable":true,"href":"https:\/\/hostnetart.com.br\/baixada\/wp-json\/wp\/v2\/comments?post=1979"}],"version-history":[{"count":0,"href":"https:\/\/hostnetart.com.br\/baixada\/wp-json\/wp\/v2\/posts\/1979\/revisions"}],"wp:attachment":[{"href":"https:\/\/hostnetart.com.br\/baixada\/wp-json\/wp\/v2\/media?parent=1979"}],"wp:term":[{"taxonomy":"category","embeddable":true,"href":"https:\/\/hostnetart.com.br\/baixada\/wp-json\/wp\/v2\/categories?post=1979"},{"taxonomy":"post_tag","embeddable":true,"href":"https:\/\/hostnetart.com.br\/baixada\/wp-json\/wp\/v2\/tags?post=1979"}],"curies":[{"name":"wp","href":"https:\/\/api.w.org\/{rel}","templated":true}]}}