{"id":1974,"date":"2016-06-01T00:00:00","date_gmt":"2016-06-01T03:00:00","guid":{"rendered":"https:\/\/hostnetart.com.br\/baixada\/ato-em-defesa-das-empresas-publicas-no-dia-6-tem-que-ser-amplo-para-brecar-onda-privatista\/"},"modified":"2016-06-01T00:00:00","modified_gmt":"2016-06-01T03:00:00","slug":"ato-em-defesa-das-empresas-publicas-no-dia-6-tem-que-ser-amplo-para-brecar-onda-privatista","status":"publish","type":"post","link":"https:\/\/hostnetart.com.br\/baixada\/ato-em-defesa-das-empresas-publicas-no-dia-6-tem-que-ser-amplo-para-brecar-onda-privatista\/","title":{"rendered":"Ato em defesa das empresas p\u00fablicas, no dia 6, tem que ser amplo para brecar onda privatista"},"content":{"rendered":"<p>Presidente interino Michel Temer deixou claro, em pronunciamento, que vai pra cima das empresas estatais e fundos de pens\u00e3o<\/p>\n<div class=\"content\">\n<div class=\"subtitle sizing\">Programa\u00e7\u00e3o<\/div>\n<p>O presidente da Rep\u00fablica interino Michel Temer, em pronunciamento que se encerrou h\u00e1 pouco, deixou claro que seu governo vai for\u00e7ar a privatiza\u00e7\u00e3o das empresas p\u00fablicas e tentar impedir a participa\u00e7\u00e3o de trabalhadores em seus conselhos e fundos de pens\u00e3o. As declara\u00e7\u00f5es acendem o alerta m\u00e1ximo para a mobiliza\u00e7\u00e3o contra o PL 4918 e outros que tramitam pelo Congresso Nacional, e refor\u00e7am a necessidade de uma grande participa\u00e7\u00e3o no ato em defesa das estatais e servi\u00e7os p\u00fablicos que acontece no dia 6 no Rio de Janeiro.<\/p>\n<p>\u201cTemos que fazer do dia 6, uma data hist\u00f3rica contra esse desmonte proposto pelo governo golpista\u201d, destacou a coordenadora do Comit\u00ea Nacional em Defesa das Empresas P\u00fablicas, Maria Rita Serrano. Ela lembra que, quando o PLS 555 foi votado no Senado, houve um esfor\u00e7o do governo no sentido de retirar do projeto itens fundamentais, como a exig\u00eancia de que todas as estatais se transformassem em sociedades an\u00f4nimas.<\/p>\n<p>\u201c\u00c0 \u00e9poca, discutimos e recebemos apoio de integrantes do governo Dilma para mudar o texto do PLS 555. Agora o governo n\u00e3o nos apoiar\u00e1, e mesmo os avan\u00e7os que obtivemos poder\u00e3o ser derrubados na vota\u00e7\u00e3o do PL 4918 na C\u00e2mara, retornando ao texto original\u201d, avalia. Em seu pronunciamento Temer enfatizou a \u201cmeritocracia\u201d para dizer que \u201cdirigentes dos fundos de pens\u00e3o e estatais\u201d ser\u00e3o pessoas \u201ctecnicamente preparadas\u201d; ou seja, representativas apenas dos interesses de mercado.<\/p>\n<p>O ato do dia 6 de junho no Rio de Janeiro ser\u00e1 na Fundi\u00e7\u00e3o Progresso, com a presen\u00e7a de intelectuais, pol\u00edticos e representantes dos movimentos social e sindical. Centenas de entidades v\u00e3o participar do evento, que ter\u00e1 ainda show musical.<\/p>\n<p>As \u00faltimas declara\u00e7\u00f5es do presidente interino, Michel Temer, deixam claro que as empresas estatais e fundos de pens\u00e3o est\u00e3o com dias contados. As declara\u00e7\u00f5es acendem o alerta m\u00e1ximo para a mobiliza\u00e7\u00e3o contra o PL 4918 e outros que tramitam pelo Congresso Nacional, e refor\u00e7am a necessidade de uma grande participa\u00e7\u00e3o no ato em defesa das estatais e servi\u00e7os p\u00fablicos.<\/p>\n<p>Confira, abaixo, a programa\u00e7\u00e3o do ato.<\/p>\n<p>13h \u2013 Reuni\u00e3o do Comit\u00ea Nacional em Defesa das Empresas P\u00fablicas (Espa\u00e7o Armaz\u00e9m)<\/p>\n<p>14h30 \u2013 Abertura do evento com a presen\u00e7a do presidente da Fenae, Jair Pedro Ferreira, e representantes de entidades que integram o Comit\u00ea<\/p>\n<p>15h \u2013 In\u00edcio das palestras e do debate \u201cO que \u00e9 p\u00fablico para voc\u00ea\u201d. Com a presen\u00e7a de intelectuais, especialistas, pol\u00edticos e lideran\u00e7as dos movimentos social e sindical, tais como:<\/p>\n<p>Roberto van der Osten (presidente da Contraf-CUT);<\/p>\n<p>Marcia Tiburi (fil\u00f3sofa e autora de livros como As Mulheres e a Filosofia);<\/p>\n<p>Emir Sader (cientista pol\u00edtico, professor da UERJ);<\/p>\n<p>Ricardo Lodi (advogado professor de Direito Tribut\u00e1rio da UERJ);<\/p>\n<p>Jo\u00e3o Pedro St\u00e9dile (economista e um dos fundadores do MST);<\/p>\n<p>Guilherme Estrella (ge\u00f3logo e ex-diretor da Petrobras);<\/p>\n<p>Jo\u00e3o Ant\u00f4nio de Moraes (secret\u00e1rio de Rela\u00e7\u00f5es Internacionais e Movimentos Sociais da FUP);<\/p>\n<p>Senador Lindbergh Farias (PT-RJ);<\/p>\n<p>Deputada Federal Jandira Feghali (PCdoB-RJ);<\/p>\n<p>Maria Rita Serrano (coordenadora do Comit\u00ea Nacional em Defesa das Empresas P\u00fablicas).<\/p>\n<p>19h \u2013 Ato p\u00fablico, pol\u00edtico e cultural.<\/p>\n<p>21h \u2013 Encerramento com show do grupo de samba Casuarina.<\/p>\n<p>\u00a0<\/p>\n<\/div>\n<p id=\"page-author\">Fonte: Comit\u00ea Nacional em Defesa das Empresas P\u00fablicas<\/p>\n","protected":false},"excerpt":{"rendered":"<p>Presidente interino Michel Temer deixou claro, em pronunciamento, que vai pra cima das empresas estatais e fundos de pens\u00e3o Programa\u00e7\u00e3o O presidente da Rep\u00fablica interino Michel Temer, em pronunciamento que se encerrou h\u00e1 pouco, deixou claro que seu governo vai for\u00e7ar a privatiza\u00e7\u00e3o das empresas p\u00fablicas e tentar impedir a participa\u00e7\u00e3o de trabalhadores em seus [&hellip;]<\/p>\n","protected":false},"author":1,"featured_media":1973,"comment_status":"","ping_status":"","sticky":false,"template":"","format":"standard","meta":{"footnotes":""},"categories":[3],"tags":[],"class_list":["post-1974","post","type-post","status-publish","format-standard","has-post-thumbnail","hentry","category-noticias"],"_links":{"self":[{"href":"https:\/\/hostnetart.com.br\/baixada\/wp-json\/wp\/v2\/posts\/1974","targetHints":{"allow":["GET"]}}],"collection":[{"href":"https:\/\/hostnetart.com.br\/baixada\/wp-json\/wp\/v2\/posts"}],"about":[{"href":"https:\/\/hostnetart.com.br\/baixada\/wp-json\/wp\/v2\/types\/post"}],"author":[{"embeddable":true,"href":"https:\/\/hostnetart.com.br\/baixada\/wp-json\/wp\/v2\/users\/1"}],"replies":[{"embeddable":true,"href":"https:\/\/hostnetart.com.br\/baixada\/wp-json\/wp\/v2\/comments?post=1974"}],"version-history":[{"count":0,"href":"https:\/\/hostnetart.com.br\/baixada\/wp-json\/wp\/v2\/posts\/1974\/revisions"}],"wp:featuredmedia":[{"embeddable":true,"href":"https:\/\/hostnetart.com.br\/baixada\/wp-json\/wp\/v2\/media\/1973"}],"wp:attachment":[{"href":"https:\/\/hostnetart.com.br\/baixada\/wp-json\/wp\/v2\/media?parent=1974"}],"wp:term":[{"taxonomy":"category","embeddable":true,"href":"https:\/\/hostnetart.com.br\/baixada\/wp-json\/wp\/v2\/categories?post=1974"},{"taxonomy":"post_tag","embeddable":true,"href":"https:\/\/hostnetart.com.br\/baixada\/wp-json\/wp\/v2\/tags?post=1974"}],"curies":[{"name":"wp","href":"https:\/\/api.w.org\/{rel}","templated":true}]}}