{"id":1971,"date":"2016-06-01T00:00:00","date_gmt":"2016-06-01T03:00:00","guid":{"rendered":"https:\/\/hostnetart.com.br\/baixada\/dia-2-de-julho-no-hotel-mercure-nova-iguacu-rj-a-18-conferencia-interestadual-dos-bancarios-do-rj-e-es\/"},"modified":"2016-06-01T00:00:00","modified_gmt":"2016-06-01T03:00:00","slug":"dia-2-de-julho-no-hotel-mercure-nova-iguacu-rj-a-18-conferencia-interestadual-dos-bancarios-do-rj-e-es","status":"publish","type":"post","link":"https:\/\/hostnetart.com.br\/baixada\/dia-2-de-julho-no-hotel-mercure-nova-iguacu-rj-a-18-conferencia-interestadual-dos-bancarios-do-rj-e-es\/","title":{"rendered":"Dia 2 de julho, no Hotel Mercure \u2013 Nova Igua\u00e7u\/RJ a 18\u00aa Confer\u00eancia Interestadual dos Banc\u00e1rios do RJ e ES"},"content":{"rendered":"<p>A Federa\u00e7\u00e3o dos Trabalhadores do Ramo Financeiro do Rio de Janeiro e Esp\u00edrito Santo \u2013 FETRAF RJ\/ES realizar\u00e1 a <strong>18\u00aa Confer\u00eancia Interestadual dos Banc\u00e1rios do RJ e ES<\/strong> no dia <strong>02.07.16<\/strong> (s\u00e1bado), no <strong>Hotel Mercure<\/strong>, sito \u00e0 Av. Dr. Mario Guimar\u00e3es, 520, Centro, Nova Igua\u00e7u\/RJ<\/p>\n<p><strong>ALDEIA DAS \u00c1GUAS<\/strong><\/p>\n","protected":false},"excerpt":{"rendered":"<p>A Federa\u00e7\u00e3o dos Trabalhadores do Ramo Financeiro do Rio de Janeiro e Esp\u00edrito Santo \u2013 FETRAF RJ\/ES realizar\u00e1 a 18\u00aa Confer\u00eancia Interestadual dos Banc\u00e1rios do RJ e ES no dia 02.07.16 (s\u00e1bado), no Hotel Mercure, sito \u00e0 Av. Dr. Mario Guimar\u00e3es, 520, Centro, Nova Igua\u00e7u\/RJ ALDEIA DAS \u00c1GUAS<\/p>\n","protected":false},"author":1,"featured_media":1970,"comment_status":"","ping_status":"","sticky":false,"template":"","format":"standard","meta":{"footnotes":""},"categories":[3],"tags":[],"class_list":["post-1971","post","type-post","status-publish","format-standard","has-post-thumbnail","hentry","category-noticias"],"_links":{"self":[{"href":"https:\/\/hostnetart.com.br\/baixada\/wp-json\/wp\/v2\/posts\/1971","targetHints":{"allow":["GET"]}}],"collection":[{"href":"https:\/\/hostnetart.com.br\/baixada\/wp-json\/wp\/v2\/posts"}],"about":[{"href":"https:\/\/hostnetart.com.br\/baixada\/wp-json\/wp\/v2\/types\/post"}],"author":[{"embeddable":true,"href":"https:\/\/hostnetart.com.br\/baixada\/wp-json\/wp\/v2\/users\/1"}],"replies":[{"embeddable":true,"href":"https:\/\/hostnetart.com.br\/baixada\/wp-json\/wp\/v2\/comments?post=1971"}],"version-history":[{"count":0,"href":"https:\/\/hostnetart.com.br\/baixada\/wp-json\/wp\/v2\/posts\/1971\/revisions"}],"wp:featuredmedia":[{"embeddable":true,"href":"https:\/\/hostnetart.com.br\/baixada\/wp-json\/wp\/v2\/media\/1970"}],"wp:attachment":[{"href":"https:\/\/hostnetart.com.br\/baixada\/wp-json\/wp\/v2\/media?parent=1971"}],"wp:term":[{"taxonomy":"category","embeddable":true,"href":"https:\/\/hostnetart.com.br\/baixada\/wp-json\/wp\/v2\/categories?post=1971"},{"taxonomy":"post_tag","embeddable":true,"href":"https:\/\/hostnetart.com.br\/baixada\/wp-json\/wp\/v2\/tags?post=1971"}],"curies":[{"name":"wp","href":"https:\/\/api.w.org\/{rel}","templated":true}]}}