{"id":1966,"date":"2016-05-17T00:00:00","date_gmt":"2016-05-17T03:00:00","guid":{"rendered":"https:\/\/hostnetart.com.br\/baixada\/michel-temer-e-inimigo-dos-trabalhadores-desde-assembleia-nacional-constituinte-de-1988\/"},"modified":"2016-05-17T00:00:00","modified_gmt":"2016-05-17T03:00:00","slug":"michel-temer-e-inimigo-dos-trabalhadores-desde-assembleia-nacional-constituinte-de-1988","status":"publish","type":"post","link":"https:\/\/hostnetart.com.br\/baixada\/michel-temer-e-inimigo-dos-trabalhadores-desde-assembleia-nacional-constituinte-de-1988\/","title":{"rendered":"Michel Temer \u00e9 inimigo dos trabalhadores desde Assembleia Nacional Constituinte de 1988"},"content":{"rendered":"<p>Estudo do DIAP, feito na \u00e9poca, mostra escolhas do atual presidente e do seu ministro Serra<\/p>\n<p>Um estudo realizado pelo Departamento Intersindical de Assessoria Parlamentar (DIAP), em 1988, mostra que o atual presidente Michel Temer e seu ministro Jos\u00e9 Serra atuam contra os trabalhadores desde a vota\u00e7\u00e3o da Assembleia Nacional Constituinte.<\/p>\n<p>Roberto von der Osten, presidente da Contraf-CUT, afirma que os banc\u00e1rios est\u00e3o muito preocupados com o golpe que foi dado e as repercuss\u00f5es deste golpe na nossa vida profissional. \u201cOs empregados da Caixa, do BB, do Basa, do BNB e demais bancos p\u00fablicos est\u00e3o particularmente preocupados. Os boatos s\u00e3o de desmonte, redu\u00e7\u00e3o do papel, e at\u00e9 de privatiza\u00e7\u00e3o. \u00c9 fundamental saber o que o presidente interino pensa e seus ministros tamb\u00e9m. Alguns projetos de lei que retiravam direitos foram vetados por Dilma. Temos que saber se este cen\u00e1rio vai se repetir ou se os que est\u00e3o no governo v\u00e3o ser representantes patronais.\u201d<\/p>\n<p>Nos primeiros meses do governo Sarney, o primeiro governo civil desde o golpe militar de 1964, houve um intenso debate sobre a convoca\u00e7\u00e3o de uma Assembleia Constituinte, com a finalidade de elaborar uma Constitui\u00e7\u00e3o democr\u00e1tica para o Brasil, ap\u00f3s 21 anos sob regime militar.<\/p>\n<p>Embora alguns setores defendessem a forma\u00e7\u00e3o de uma Constituinte exclusiva \u2013 ou seja, uma Assembleia formada por representantes eleitos com a finalidade exclusiva de elaborar a nova Constitui\u00e7\u00e3o \u2013 prevaleceu a tese do Congresso Constituinte, isto \u00e9, os deputados federais e senadores eleitos em novembro de 1986 acumulariam as fun\u00e7\u00f5es de congressistas e de constituintes. Assim, os eleitos tiveram, extraordinariamente, a fun\u00e7\u00e3o de elaborar a Constitui\u00e7\u00e3o e, uma vez conclu\u00edda a nova Carta, cumpriram o restante dos respectivos mandatos, no exerc\u00edcio da atividade parlamentar ordin\u00e1ria.<\/p>\n<p>Entre os diversos pontos a serem decisivos estavam os direitos dos trabalhadores. \u00c9 nessa hora que nossos atuais governantes j\u00e1 mostravam sua cara. Michel Temer votou contra garantias ao trabalhador de estabilidade no emprego e \u00e0 jornada de trabalho de 40 horas semanais no primeiro turno e n\u00e3o compareceu para votar no segundo. Ele ainda se absteve de votar no turno de 6 horas e no aviso pr\u00e9vio de 30 dias. E n\u00e3o compareceu ao plen\u00e1rio para votar pela garantia do sal\u00e1rio m\u00ednimo real e pelo abono de f\u00e9rias de 1\/3 do sal\u00e1rio.<\/p>\n<p>J\u00e1 Jos\u00e9 Serra votou contra o monop\u00f3lio nacional da distribui\u00e7\u00e3o do petr\u00f3leo; as garantias ao trabalhador de estabilidade no emprego; a redu\u00e7\u00e3o da jornada de trabalho para 40 horas; a implanta\u00e7\u00e3o de Comiss\u00e3o de F\u00e1brica nas ind\u00fastrias; negou seu voto pelo direito de greve; pelo abono de f\u00e9rias de 1\/3 do sal\u00e1rio; pelo aviso pr\u00e9vio proporcional; pela estabilidade do dirigente sindical; para garantir 30 dias de aviso pr\u00e9vio e pela garantia do sal\u00e1rio m\u00ednimo real.<\/p>\n<p>Segundo o presidente da Contraf-CUT, a tal da \u201cPonte para o Futuro\u201d, que \u00e9 o plano de governo do presidente interino, faz refer\u00eancias \u00e0 redu\u00e7\u00e3o do papel do Estado e a redu\u00e7\u00e3o de gastos p\u00fablicos. \u201cIsto sempre cheirou a privatiza\u00e7\u00f5es e redu\u00e7\u00e3o de sal\u00e1rio. Estamos preparando a Campanha Nacional dos Banc\u00e1rios. Os que est\u00e3o tentando derrubar a presidenta para governar j\u00e1 estiveram no poder em outros momentos. Os empregados de bancos p\u00fablicos t\u00eam amargas lembran\u00e7as deles. Anos sem corre\u00e7\u00e3o de sal\u00e1rio sequer pela infla\u00e7\u00e3o. Abonos que reduziram o poder de compra dos sal\u00e1rios e prejudicaram o sal\u00e1rio futuro na aposentadoria. Estes fortes ind\u00edcios nos deixam muito apreensivos. Vai ter luta!\u201d<\/p>\n<p>Clique aqui e veja o estudo completo.<\/p>\n<p>Fonte: Contraf-CUT<\/p>\n","protected":false},"excerpt":{"rendered":"<p>Estudo do DIAP, feito na \u00e9poca, mostra escolhas do atual presidente e do seu ministro Serra Um estudo realizado pelo Departamento Intersindical de Assessoria Parlamentar (DIAP), em 1988, mostra que o atual presidente Michel Temer e seu ministro Jos\u00e9 Serra atuam contra os trabalhadores desde a vota\u00e7\u00e3o da Assembleia Nacional Constituinte. Roberto von der Osten, [&hellip;]<\/p>\n","protected":false},"author":1,"featured_media":0,"comment_status":"","ping_status":"","sticky":false,"template":"","format":"standard","meta":{"footnotes":""},"categories":[3],"tags":[],"class_list":["post-1966","post","type-post","status-publish","format-standard","hentry","category-noticias"],"_links":{"self":[{"href":"https:\/\/hostnetart.com.br\/baixada\/wp-json\/wp\/v2\/posts\/1966","targetHints":{"allow":["GET"]}}],"collection":[{"href":"https:\/\/hostnetart.com.br\/baixada\/wp-json\/wp\/v2\/posts"}],"about":[{"href":"https:\/\/hostnetart.com.br\/baixada\/wp-json\/wp\/v2\/types\/post"}],"author":[{"embeddable":true,"href":"https:\/\/hostnetart.com.br\/baixada\/wp-json\/wp\/v2\/users\/1"}],"replies":[{"embeddable":true,"href":"https:\/\/hostnetart.com.br\/baixada\/wp-json\/wp\/v2\/comments?post=1966"}],"version-history":[{"count":0,"href":"https:\/\/hostnetart.com.br\/baixada\/wp-json\/wp\/v2\/posts\/1966\/revisions"}],"wp:attachment":[{"href":"https:\/\/hostnetart.com.br\/baixada\/wp-json\/wp\/v2\/media?parent=1966"}],"wp:term":[{"taxonomy":"category","embeddable":true,"href":"https:\/\/hostnetart.com.br\/baixada\/wp-json\/wp\/v2\/categories?post=1966"},{"taxonomy":"post_tag","embeddable":true,"href":"https:\/\/hostnetart.com.br\/baixada\/wp-json\/wp\/v2\/tags?post=1966"}],"curies":[{"name":"wp","href":"https:\/\/api.w.org\/{rel}","templated":true}]}}