{"id":1961,"date":"2016-05-12T00:00:00","date_gmt":"2016-05-12T03:00:00","guid":{"rendered":"https:\/\/hostnetart.com.br\/baixada\/contraf-cut-entrega-pauta-de-reivindicacoes-especificas-do-santander-nesta-quinta-12\/"},"modified":"2016-05-12T00:00:00","modified_gmt":"2016-05-12T03:00:00","slug":"contraf-cut-entrega-pauta-de-reivindicacoes-especificas-do-santander-nesta-quinta-12","status":"publish","type":"post","link":"https:\/\/hostnetart.com.br\/baixada\/contraf-cut-entrega-pauta-de-reivindicacoes-especificas-do-santander-nesta-quinta-12\/","title":{"rendered":"Contraf-CUT entrega pauta de reivindica\u00e7\u00f5es espec\u00edficas do Santander nesta quinta (12)"},"content":{"rendered":"<p>Representantes dos trabalhadores entregam a pauta \u00e0 vice-presidente de RH do banco, Vanessa Lobato<\/p>\n<p>A Contraf-CUT, Federa\u00e7\u00f5es e Sindicatos entregam nesta quinta-feira (12) ao Santander, em S\u00e3o Paulo, \u00e0s 15h, as reivindica\u00e7\u00f5es espec\u00edficas dos funcion\u00e1rios para as discuss\u00f5es do acordo aditivo \u00e0 Conven\u00e7\u00e3o Coletiva de Trabalho (CCT).<\/p>\n<p>A pauta foi debatida e definida durante Encontro Nacional dos Funcion\u00e1rios do Santander, que ocorreu durante dois dias, 12 e 13 e abril, na capital paulista, e aprovada em assembleias nos sindicatos.<\/p>\n<p>Entre as reivindica\u00e7\u00f5es, est\u00e3o a garantia de emprego, fim do banco de horas, aumento do patamar m\u00ednimo da PPRS, melhorias nos programas de retorno ao trabalho ap\u00f3s licen\u00e7a m\u00e9dica, administra\u00e7\u00e3o dos planos de benef\u00edcios pelo Banesprev. Os representantes dos trabalhadores tamb\u00e9m reivindicam a inclus\u00e3o no acordo aditivo de cl\u00e1usula espec\u00edfica que estabele\u00e7a a discuss\u00e3o da cl\u00e1usula 57\u00ba da CCT da categoria, sobre o Programa de Desenvolvimento Organizacional para Melhoria Cont\u00ednua das Rela\u00e7\u00f5es de Trabalho.<\/p>\n<p>\u201cA pauta espec\u00edfica \u00e9 resultado de um amplo debate democr\u00e1tico com os trabalhadores do Santander, que tamb\u00e9m foram ouvidos por consultas, al\u00e9m dos encontros regionais e nosso encontro nacional, em abril. Este ano vamos fazer negocia\u00e7\u00e3o no per\u00edodo de conjuntura extremamente dif\u00edcil. Por isso, \u00e9 fundamental a participa\u00e7\u00e3o e mobiliza\u00e7\u00e3o de todos\u201d, ressalta Mario Raia, secret\u00e1rio de Rela\u00e7\u00f5es Internacionais da Contraf-CUT e representante da Confedera\u00e7\u00e3o na Comiss\u00e3o de Organiza\u00e7\u00e3o dos Empregados (COE) do Santander<\/p>\n<p>\u201cNossa expectativa \u00e9 a renova\u00e7\u00e3o das cl\u00e1usulas atuais, agregar novos avan\u00e7os e discutir o Programa Pr\u00f3prio de Remunera\u00e7\u00e3o Santander no que diz respeito \u00e0 legisla\u00e7\u00e3o e tamb\u00e9m que haja um basta \u00e0 cobran\u00e7a por metas abusivas que tanto adoecem os funcion\u00e1rios\u201d, afirma Maria Rosani, da Comiss\u00e3o de Organiza\u00e7\u00e3o dos Empregados (COE) do Santander.<\/p>\n<p>Acesse aqui a Minuta<\/p>\n<p>Fonte: Contraf-CUT<\/p>\n","protected":false},"excerpt":{"rendered":"<p>Representantes dos trabalhadores entregam a pauta \u00e0 vice-presidente de RH do banco, Vanessa Lobato A Contraf-CUT, Federa\u00e7\u00f5es e Sindicatos entregam nesta quinta-feira (12) ao Santander, em S\u00e3o Paulo, \u00e0s 15h, as reivindica\u00e7\u00f5es espec\u00edficas dos funcion\u00e1rios para as discuss\u00f5es do acordo aditivo \u00e0 Conven\u00e7\u00e3o Coletiva de Trabalho (CCT). A pauta foi debatida e definida durante Encontro [&hellip;]<\/p>\n","protected":false},"author":1,"featured_media":0,"comment_status":"","ping_status":"","sticky":false,"template":"","format":"standard","meta":{"footnotes":""},"categories":[3],"tags":[],"class_list":["post-1961","post","type-post","status-publish","format-standard","hentry","category-noticias"],"_links":{"self":[{"href":"https:\/\/hostnetart.com.br\/baixada\/wp-json\/wp\/v2\/posts\/1961","targetHints":{"allow":["GET"]}}],"collection":[{"href":"https:\/\/hostnetart.com.br\/baixada\/wp-json\/wp\/v2\/posts"}],"about":[{"href":"https:\/\/hostnetart.com.br\/baixada\/wp-json\/wp\/v2\/types\/post"}],"author":[{"embeddable":true,"href":"https:\/\/hostnetart.com.br\/baixada\/wp-json\/wp\/v2\/users\/1"}],"replies":[{"embeddable":true,"href":"https:\/\/hostnetart.com.br\/baixada\/wp-json\/wp\/v2\/comments?post=1961"}],"version-history":[{"count":0,"href":"https:\/\/hostnetart.com.br\/baixada\/wp-json\/wp\/v2\/posts\/1961\/revisions"}],"wp:attachment":[{"href":"https:\/\/hostnetart.com.br\/baixada\/wp-json\/wp\/v2\/media?parent=1961"}],"wp:term":[{"taxonomy":"category","embeddable":true,"href":"https:\/\/hostnetart.com.br\/baixada\/wp-json\/wp\/v2\/categories?post=1961"},{"taxonomy":"post_tag","embeddable":true,"href":"https:\/\/hostnetart.com.br\/baixada\/wp-json\/wp\/v2\/tags?post=1961"}],"curies":[{"name":"wp","href":"https:\/\/api.w.org\/{rel}","templated":true}]}}